{"id":1706,"date":"2009-11-03T05:09:15","date_gmt":"2009-11-03T07:09:15","guid":{"rendered":"https:\/\/comoaprenderjapones.net\/?p=1706"},"modified":"2018-03-11T14:43:14","modified_gmt":"2018-03-11T17:43:14","slug":"i-melleknevek-japanul","status":"publish","type":"post","link":"https:\/\/comoaprenderjapones.net\/hu\/adjetivos-i-em-japones\/","title":{"rendered":"Az i mell\u00e9knevek jap\u00e1nul"},"content":{"rendered":"<div class=\"0ce2e1532cfed878672bf28fff76695e\" data-index=\"2\" style=\"float: none; margin:0px;\">\n<script async src=\"https:\/\/pagead2.googlesyndication.com\/pagead\/js\/adsbygoogle.js?client=ca-pub-0652292147574552\"\r\n     crossorigin=\"anonymous\"><\/script>\r\n<!-- Ads responsivo Inicio Post CAJap -->\r\n<ins class=\"adsbygoogle\"\r\n     style=\"display:block\"\r\n     data-ad-client=\"ca-pub-0652292147574552\"\r\n     data-ad-slot=\"3298668993\"\r\n     data-ad-format=\"auto\"><\/ins>\r\n<script>\r\n     (adsbygoogle = window.adsbygoogle || []).push({});\r\n<\/script>\n<\/div>\n<p><em>Most pedig ismerkedj\u00fcnk meg\u00a0<strong>az i mell\u00e9knevek jap\u00e1nul<\/strong>!<\/em><\/p>\n<p>Most, hogy fel\u00fcletesen megn\u00e9zt\u00fck a jap\u00e1n mell\u00e9kneveket, itt az ideje, hogy egy kicsit m\u00e9lyebbre \u00e1ssuk magunkat a jap\u00e1n mell\u00e9knevek t\u00e9m\u00e1j\u00e1ban.<\/p>\n<p>Ez az a pont, ahol a jap\u00e1n nyelvtan meg\u00e9rt\u00e9se a kezd\u0151k sz\u00e1m\u00e1ra egy kis id\u0151t vesz ig\u00e9nybe.\u00a0<a title=\"jap\u00e1n nyelv\" href=\"https:\/\/comoaprenderjapones.net\/hu\/\" rel=\"nofollow\">jap\u00e1n nyelv<\/a>. Mindannyian ismerj\u00fck az igei flekt\u00e1l\u00e1s fogalm\u00e1t, amely az ig\u00e9k \u00edr\u00e1sm\u00f3dj\u00e1nak az igeid\u0151k szerinti v\u00e1ltoz\u00e1s\u00e1ra utal, de a mell\u00e9kn\u00e9vi flekt\u00e1l\u00e1s fogalma nem l\u00e9tezik a nyelvtanunkban.<\/p>\n<p class=\"orange\"><span style=\"color: #ff0000\">A jap\u00e1n szimb\u00f3lumok (kanji) f\u00f6l\u00e9 mozgatva l\u00e1thatja a kiejt\u00e9st \u00e9s a ford\u00edt\u00e1st.<\/span><\/p>\n<h2>Az i mell\u00e9knevek jap\u00e1nul<\/h2>\n<p>A <a href=\"https:\/\/comoaprenderjapones.net\/hu\/japan-nyelvtan\/\">Jap\u00e1n nyelvtan<\/a> csak k\u00e9tf\u00e9le mell\u00e9kn\u00e9vt\u00edpusb\u00f3l \u00e1ll, amelyek n\u00e9gyf\u00e9lek\u00e9ppen ragozhat\u00f3k: igeneves m\u00falt, negat\u00edv m\u00falt, igeneves jelen \u00e9s negat\u00edv jelen. Ezen k\u00edv\u00fcl l\u00e9tezik a form\u00e1lis m\u00f3d is, amely a\u00a0<acronym title=\"desu\">\u3067\u3059<\/acronym>\u00e9s az inform\u00e1lis m\u00f3dszer, amely nem haszn\u00e1lja a\u00a0<acronym title=\"desu\">\u3067\u3059<\/acronym>.<\/p>\n<p>A jap\u00e1n nyelvtanban \u00f6sszesen tizenhat mell\u00e9kn\u00e9vi flekt\u00e1l\u00e1s l\u00e9tezik, ebb\u0151l nyolc a jap\u00e1n mell\u00e9knevekre vonatkozik.\u00a0<acronym title=\"i\">\u3044<\/acronym>\u00a0\u00e9s nyolc a jap\u00e1n mell\u00e9knevek eset\u00e9ben\u00a0<acronym title=\"a\">\u306a<\/acronym>. Gondolod, hogy bonyolult? E cikk ut\u00e1n r\u00e1 fog j\u00f6nni, hogy egyszer\u0171bb, mint amilyennek l\u00e1tszik.<\/p>\n<h2>A mell\u00e9knevek jelen idej\u0171 igeneve i<\/h2>\n<p>Ez a jap\u00e1n mell\u00e9knevek legegyszer\u0171bb flekt\u00e1l\u00e1sa.\u00a0<acronym title=\"i\">\u3044<\/acronym>. Ezt a m\u00f3dot infinit\u00edvusz m\u00f3dnak is nevezik, mivel a mell\u00e9kn\u00e9v \u00edr\u00e1sm\u00f3dja gyakorlatilag nem v\u00e1ltozik. A jap\u00e1n nyelvtanban ez a mell\u00e9knevek els\u0151dleges form\u00e1ja.\u00a0<acronym title=\"i\">\u3044<\/acronym>. \u00c9s ebb\u0151l \u00e9p\u00fcl fel a t\u00f6bbi hajl\u00edt\u00e1s.<\/p>\n<p><strong>P\u00e9ld\u00e1k:<\/strong><\/p>\n<p><acronym title=\"Atarashii booru | \u00daj labda\"><span class=\"orange\">\u65b0\u3057\u3044<\/span>\u30dc\u30fc\u30eb - Labda\u00a0<span class=\"orange\">\u00faj<\/span><\/acronym><\/p>\n<p><acronym title=\"Takai biru | Magas \u00e9p\u00fclet (nagy)\"><span class=\"orange\">\u9ad8\u3044<\/span>\u30d3\u30eb - \u00c9p\u00edt\u0151ipar\u00a0<span class=\"orange\">magas (nagy)<\/span><\/acronym><\/p>\n<p><acronym title=\"Aoi sora | K\u00e9k \u00e9g\"><span class=\"orange\">\u9752\u3044<\/span>\u7a7a - Mennyorsz\u00e1g\u00a0<span class=\"orange\">k\u00e9k<\/span><\/acronym><\/p>\n<p>Mint l\u00e1thatjuk, a mell\u00e9knevek els\u0151dleges form\u00e1ja\u00a0<acronym title=\"i\">\u3044<\/acronym>\u00a0mindig a v\u00e9gz\u0151d\u00e9ssel\u00a0<acronym title=\"i\">\u3044<\/acronym>.<\/p>\n<h2>A mell\u00e9knevek igeneves m\u00falt ideje i<\/h2>\n<p>A jap\u00e1n nyelvtan egy m\u00e1sik egyszer\u0171 r\u00e9sze: a mell\u00e9knevek igeneves m\u00falt ideje.\u00a0<acronym title=\"i\">\u3044<\/acronym>. Egy mell\u00e9kn\u00e9v hozz\u00e1ad\u00e1sa\u00a0<acronym title=\"i\">\u3044<\/acronym>\u00a0az igeneves m\u00faltban, csak v\u00e1ltoztassa meg a v\u00e9gz\u0151d\u00e9s\u00e9t\u00a0<acronym title=\"i\">\u3044<\/acronym>\u00a0a\u00a0<acronym title=\"katta\">\u304b\u3063\u305f<\/acronym>. N\u00e9zze meg:<\/p>\n<p><acronym title=\"furui ie | casa velha\"><span class=\"orange\">\u53e4\u3044<\/span>\u5bb6<\/acronym>\u00a0fordul\u00a0<acronym title=\"furukatta azaz | h\u00e1z, amely r\u00e9gi volt\"><span class=\"orange\">\u53e4\u304b\u3063\u305f<\/span>\u5bb6<\/acronym><\/p>\n<p><acronym title=\"aoi sora | blue sky\"><span class=\"orange\">\u9752\u3044<\/span>\u7a7a<\/acronym>\u00a0fordul\u00a0<acronym title=\"aokatta sora | k\u00e9k \u00e9gbolt\"><span class=\"orange\">\u9752\u304b\u3063\u305f<\/span>\u7a7a<\/acronym><\/p>\n<p><acronym title=\"atarashii kuruma | \u00faj aut\u00f3\"><span class=\"orange\">\u65b0\u3057\u3044<\/span>\u8eca<\/acronym>\u00a0fordul\u00a0<acronym title=\"atarashikatta kuruma - aut\u00f3, ami \u00faj volt\"><span class=\"orange\">\u65b0\u3057\u304b\u3063\u305f<\/span>\u8eca<\/acronym><br \/>\n<\/p>\n<h2>A mell\u00e9knevek negat\u00edv jelene i<\/h2>\n<p>A jap\u00e1n nyelvtan szerint egy mell\u00e9kn\u00e9v negat\u00edv jelen idej\u0171 ragoz\u00e1s\u00e1hoz meg kell v\u00e1ltoztatnunk a v\u00e9gz\u0151d\u00e9s\u00e9t.\u00a0<acronym title=\"i\">\u3044<\/acronym>\u00a0a\u00a0<acronym title=\"kunai\">\u304f\u306a\u3044<\/acronym>, ami a jap\u00e1n mell\u00e9knevek negat\u00edv v\u00e9gz\u0151d\u00e9se.<\/p>\n<p><acronym title=\"shiroi hon | feh\u00e9r k\u00f6nyv\"><span class=\"orange\">\u767d\u3044<\/span>\u672c<\/acronym>\u00a0fordul\u00a0<acronym title=\"shirokunai hon | k\u00f6nyv, amely nem feh\u00e9r\"><span class=\"orange\">\u767d\u304f\u306a\u3044<\/span>\u672c<\/acronym><\/p>\n<p><acronym title=\"furui ie | casa velha\"><span class=\"orange\">\u53e4\u3044<\/span>\u5bb6<\/acronym>\u00a0fordul\u00a0<acronym title=\"furukunai azaz | h\u00e1z, amely nem r\u00e9gi\"><span class=\"orange\">\u53e4\u304f\u306a\u3044<\/span>\u5bb6<\/acronym><\/p>\n<h2>A mell\u00e9knevek negat\u00edv m\u00faltja i<\/h2>\n<p>Egy mell\u00e9kn\u00e9v hozz\u00e1ad\u00e1sa\u00a0<acronym title=\"i\">\u3044<\/acronym>\u00a0a negat\u00edv m\u00faltban, csak v\u00e1ltoztassa meg a befejez\u00e9st\u00a0<acronym title=\"i\">\u3044<\/acronym>\u00a0a\u00a0<acronym title=\"kunakatta\">\u304f\u306a\u304b\u3063\u305f<\/acronym>. Ez a jap\u00e1n nyelvtan egy \u00e9rdekes r\u00e9sze. \u00dagy t\u0171nik, hogy m\u00e9g a jelen idej\u0171 negat\u00edvot is \u00f6sszerakt\u00e1k.\u00a0<acronym title=\"kunai\">\u304f\u306a\u3044<\/acronym>\u00a0az igen\u00e9v m\u00faltj\u00e1val\u00a0<acronym title=\"katta\">\u304b\u3063\u305f<\/acronym>a  weboldal kialak\u00edt\u00e1s\u00e1val.\u00a0<acronym title=\"kunakatta\">\u304f\u306a\u304b\u3063\u305f<\/acronym>.<\/p>\n<p><acronym title=\"furui ie | Casa velha\"><span class=\"orange\">\u53e4\u3044<\/span>\u5bb6<\/acronym>\u00a0fordul\u00a0<acronym title=\"furukunakatta azaz | H\u00e1z, amely nem volt r\u00e9gi\"><span class=\"orange\">\u53e4\u304f\u306a\u304b\u3063\u305f<\/span>\u5bb6<\/acronym><\/p>\n<p><acronym title=\"shiroi hon | feh\u00e9r k\u00f6nyv\"><span class=\"orange\">\u767d\u3044<\/span>\u672c<\/acronym>\u00a0fordul\u00a0<acronym title=\"shirokunakatta hon | k\u00f6nyv, ami nem volt feh\u00e9r\"><span class=\"orange\">\u767d\u304f\u306a\u304b\u3063\u305f<\/span>\u672c<\/acronym><\/p>\n<h2>K\u00f6vetkeztet\u00e9s<\/h2>\n<p>Ha m\u00e9g mindig nem tudod, hogyan kell mondatokat alkotni \u00e9s haszn\u00e1lni a <a href=\"https:\/\/comoaprenderjapones.net\/hu\/japan-melleknevek\/\">mell\u00e9knevek jap\u00e1nul<\/a>ne agg\u00f3dj. Most az a fontos, hogy tudja, hogyan kell a mell\u00e9kneveket a jap\u00e1n nyelvtan szerint alak\u00edtani. A k\u00f6vetkez\u0151 n\u00e9h\u00e1ny cikkben megtanuljuk, hogyan haszn\u00e1ljuk a mell\u00e9knevet jap\u00e1nul.<\/p>\n<h2>A kanji k\u00e9z\u00edr\u00e1s gyakorl\u00e1sa<\/h2>\n<p>Az al\u00e1bbiakban a\u00a0<a href=\"https:\/\/comoaprenderjapones.net\/hu\/hogyan-kell-irni-a-japan-kanji-betuket\/\">Jap\u00e1n ideogr\u00e1fiai szimb\u00f3lumok<\/a>\u00a0ebben a cikkben haszn\u00e1ltak. A k\u00edv\u00e1nt kanjik kiv\u00e1laszt\u00e1sa m\u00e1sol\u00e1s \u00e9s beilleszt\u00e9s a\u00a0<a href=\"https:\/\/comoaprenderjapones.net\/hu\/in\/imprimir-para-treinar-kanas-e-kanjis\/\" target=\"_blank\" rel=\"noopener\">Kana \u00e9s Kanji gyakorl\u00f3 feladatlap<\/a>\u00a0egy \u00faj ablak fog megny\u00edlni, ahol megtekintheti a nyomtathat\u00f3 f\u00e1jlt, \u00e9s gyakorolhatja a jap\u00e1n kalligr\u00e1fi\u00e1t a sz\u00fcrke szimb\u00f3lumok letakar\u00e1s\u00e1val, majd megpr\u00f3b\u00e1lhat egyed\u00fcl \u00edrni. Csak nyomtasd ki \u00e9s gyakorolj.<\/p>\n<table style=\"height: 75px\" border=\"0\" width=\"514\" cellspacing=\"2\" cellpadding=\"2\">\n<tbody>\n<tr>\n<td align=\"left\" valign=\"middle\">\u65b0<\/td>\n<td align=\"left\" valign=\"middle\">\u9ad8<\/td>\n<td align=\"left\" valign=\"middle\">\u9752<\/td>\n<td align=\"left\" valign=\"middle\">\u53e4<\/td>\n<td align=\"left\" valign=\"middle\">\u5bb6<\/td>\n<\/tr>\n<tr>\n<td align=\"left\" valign=\"middle\">\u767d<\/td>\n<\/tr>\n<\/tbody>\n<\/table>\n\n<div style=\"font-size: 0px; height: 0px; line-height: 0px; margin: 0; padding: 0; clear: both;\"><\/div>","protected":false},"excerpt":{"rendered":"<p>Most pedig ismerkedj\u00fcnk meg a jap\u00e1n i-mell\u00e9knevekkel! Most, hogy fel\u00fcletesen megn\u00e9zt\u00fck a jap\u00e1n mell\u00e9kneveket, itt az ideje, hogy egy kicsit m\u00e9lyebbre \u00e1ssuk magunkat a jap\u00e1n mell\u00e9knevek t\u00e9m\u00e1j\u00e1ban. Ez az a ter\u00fclet, ahol a jap\u00e1n nyelvtan<\/p>","protected":false},"author":18,"featured_media":1708,"comment_status":"open","ping_status":"closed","sticky":false,"template":"","format":"standard","meta":{"_jetpack_memberships_contains_paid_content":false,"footnotes":""},"categories":[76,49,70],"tags":[27,71,2,3],"class_list":["post-1706","post","type-post","status-publish","format-standard","has-post-thumbnail","hentry","category-adjetivos-japoneses","category-curso-de-japones-gratis","category-gramatica-japonesa","tag-gramatica","tag-gramatica-japonesa","tag-idioma-japones","tag-nihongo"],"jetpack_featured_media_url":"https:\/\/i0.wp.com\/comoaprenderjapones.net\/wp-content\/uploads\/2009\/11\/adjetivos-i-em-japones.png?fit=500%2C400&ssl=1","jetpack-related-posts":[{"id":1713,"url":"https:\/\/comoaprenderjapones.net\/hu\/adjetivos-na-em-japones\/","url_meta":{"origin":1706,"position":0},"title":"Na mell\u00e9knevek jap\u00e1nul","author":"L\u00edngua Japonesa","date":"3 de november de 2009","format":false,"excerpt":"Aprenda agora mais sobre os adjetivos na em japon\u00eas! Nos artigos anteriores sobre adjetivos em japon\u00eas, entendemos os tipos de adjetivos e as flex\u00f5es dos adjetivos japoneses\u00a0\u3044. No artigo de hoje vamos conhecer as flex\u00f5es dos adjetivos japoneses\u00a0\u306a. Os adjetivos na em japon\u00eas No que diz respeito \u00e0 flex\u00e3o desses\u2026","rel":"","context":"In &quot;Adjetivos japoneses&quot;","block_context":{"text":"Adjetivos japoneses","link":"https:\/\/comoaprenderjapones.net\/hu\/adjetivos-japoneses\/"},"img":{"alt_text":"Os adjetivos na em japon\u00eas - \u5927\u5207\u306a\u672c\u3067\u3059","src":"https:\/\/i0.wp.com\/comoaprenderjapones.net\/wp-content\/uploads\/2018\/03\/adjetivos-na-em-japones.png?fit=500%2C400&ssl=1&resize=350%2C200","width":350,"height":200},"classes":[]},{"id":1699,"url":"https:\/\/comoaprenderjapones.net\/hu\/tipos-de-adjetivos-em-japones\/","url_meta":{"origin":1706,"position":1},"title":"A mell\u00e9knevek t\u00edpusai jap\u00e1nul","author":"L\u00edngua Japonesa","date":"3 de november de 2009","format":false,"excerpt":"Conhe\u00e7a os tipos de adjetivos em japon\u00eas e aprenda mais! Antes de come\u00e7ar a falar sobre os adjetivos japoneses propriamente ditos, vamos ver uma descri\u00e7\u00e3o geral sobre os tipos de adjetivos encontrados na l\u00edngua japonesa. Passe o cursor do mouse sobre os s\u00edmbolos japoneses (kanjis) para ver a pron\u00fancia e\u2026","rel":"","context":"In &quot;Curso de Japon\u00eas Gr\u00e1tis&quot;","block_context":{"text":"Curso de Japon\u00eas Gr\u00e1tis","link":"https:\/\/comoaprenderjapones.net\/hu\/curso-de-japones-gratis\/"},"img":{"alt_text":"Os tipos de adjetivos em japon\u00eas - \u9752\u3044\u8eca","src":"https:\/\/i0.wp.com\/comoaprenderjapones.net\/wp-content\/uploads\/2009\/11\/tipos-de-adjetivos-em-japones.png?fit=500%2C400&ssl=1&resize=350%2C200","width":350,"height":200},"classes":[]},{"id":1719,"url":"https:\/\/comoaprenderjapones.net\/hu\/como-usar-adjetivos-em-japones\/","url_meta":{"origin":1706,"position":2},"title":"Hogyan haszn\u00e1ljuk a mell\u00e9kneveket jap\u00e1nul","author":"L\u00edngua Japonesa","date":"3 de november de 2009","format":false,"excerpt":"Aprenda agora a como usar adjetivos em japon\u00eas! Segundo a gram\u00e1tica japonesa, os adjetivos em japon\u00eas podem ser usados de v\u00e1rias formas diferentes, contudo as formas de uso mais comuns s\u00e3o antes e depois dos substantivos. Como usar adjetivos em japon\u00eas Passe o cursor do mouse sobre os s\u00edmbolos japoneses\u2026","rel":"","context":"In &quot;Adjetivos japoneses&quot;","block_context":{"text":"Adjetivos japoneses","link":"https:\/\/comoaprenderjapones.net\/hu\/adjetivos-japoneses\/"},"img":{"alt_text":"Como usar adjetivos em japon\u00eas - \u305d\u308c\u306f\u9752\u3044\u672c\u3067\u3059\u304b\uff1f","src":"https:\/\/i0.wp.com\/comoaprenderjapones.net\/wp-content\/uploads\/2018\/03\/como-usar-os-adjetivos-em-japones.png?fit=500%2C400&ssl=1&resize=350%2C200","width":350,"height":200},"classes":[]},{"id":2103,"url":"https:\/\/comoaprenderjapones.net\/hu\/verbos-em-japones-na-forma-tai\/","url_meta":{"origin":1706,"position":3},"title":"Jap\u00e1n ig\u00e9k TAI alakban","author":"L\u00edngua Japonesa","date":"4 de november de 2009","format":false,"excerpt":"Os verbos em japon\u00eas na forma TAI-\u00a0\u00a0\u305f\u3044\u00a0s\u00e3o usados para expressar o desejo de realizar uma atividade espec\u00edfica. Por causa disso, essa forma dos verbos em japon\u00eas se utiliza muito dos verbos de a\u00e7\u00e3o. Verbos em japon\u00eas na forma TAI O presente e os verbos na forma tai Para utilizar a\u2026","rel":"","context":"In &quot;Curso de Japon\u00eas Gr\u00e1tis&quot;","block_context":{"text":"Curso de Japon\u00eas Gr\u00e1tis","link":"https:\/\/comoaprenderjapones.net\/hu\/curso-de-japones-gratis\/"},"img":{"alt_text":"Verbos em japon\u00eas na forma TAI - \u8cb7\u3044\u305f\u3044","src":"https:\/\/i0.wp.com\/comoaprenderjapones.net\/wp-content\/uploads\/2009\/11\/verbos-em-japones-na-forma-tai.png?fit=500%2C400&ssl=1&resize=350%2C200","width":350,"height":200},"classes":[]},{"id":1771,"url":"https:\/\/comoaprenderjapones.net\/hu\/os-adverbios-em-japones\/","url_meta":{"origin":1706,"position":4},"title":"Adverbiumok jap\u00e1nul","author":"L\u00edngua Japonesa","date":"3 de november de 2009","format":false,"excerpt":"Conhe\u00e7a mais sobre\u00a0os adv\u00e9rbios em japon\u00eas com exemplos! Muitos j\u00e1 devem saber que adv\u00e9rbios s\u00e3o palavras invari\u00e1veis que modificam ou adicionam significado aos verbos e adjetivos. Os adv\u00e9rbios japoneses podem indicar tempo, freq\u00fc\u00eancia e v\u00e1rias outras situa\u00e7\u00f5es dependendo da frase. Passe o cursor do mouse sobre os s\u00edmbolos japoneses para\u2026","rel":"","context":"In &quot;Curso de Japon\u00eas Gr\u00e1tis&quot;","block_context":{"text":"Curso de Japon\u00eas Gr\u00e1tis","link":"https:\/\/comoaprenderjapones.net\/hu\/curso-de-japones-gratis\/"},"img":{"alt_text":"Os adv\u00e9rbios em japon\u00eas","src":"https:\/\/i0.wp.com\/comoaprenderjapones.net\/wp-content\/uploads\/2009\/11\/os-adverbios-em-japones.png?fit=500%2C400&ssl=1&resize=350%2C200","width":350,"height":200},"classes":[]},{"id":2447,"url":"https:\/\/comoaprenderjapones.net\/hu\/como-formar-frases-em-japones\/","url_meta":{"origin":1706,"position":5},"title":"Hogyan kell mondatokat alkotni jap\u00e1nul","author":"L\u00edngua Japonesa","date":"11 de okt\u00f3ber de 2010","format":false,"excerpt":"Aprenda agora a\u00a0como formar frases em japon\u00eas! Formar frases em japon\u00eas\u00a0\u00e9 um processo simples do lado pr\u00e1tico, mas complexo do lado gramatical. Isso exige um vocabul\u00e1rio b\u00e1sico e um conhecimento m\u00ednimo de gram\u00e1tica japonesa. Como formar frases em japon\u00eas Como muitos leitores do\u00a0L\u00edngua Japonesa\u00a0me enviam e-mails com d\u00favidas sobre como\u2026","rel":"","context":"In &quot;Vocabul\u00e1rio japon\u00eas&quot;","block_context":{"text":"Vocabul\u00e1rio japon\u00eas","link":"https:\/\/comoaprenderjapones.net\/hu\/vocabulario-japones\/"},"img":{"alt_text":"Como formar frases em japon\u00eas","src":"https:\/\/i0.wp.com\/comoaprenderjapones.net\/wp-content\/uploads\/2014\/09\/nihongo_idioma.jpg?fit=477%2C296&ssl=1&resize=350%2C200","width":350,"height":200},"classes":[]}],"jetpack_sharing_enabled":true,"amp_enabled":true,"_links":{"self":[{"href":"https:\/\/comoaprenderjapones.net\/hu\/wp-json\/wp\/v2\/posts\/1706","targetHints":{"allow":["GET"]}}],"collection":[{"href":"https:\/\/comoaprenderjapones.net\/hu\/wp-json\/wp\/v2\/posts"}],"about":[{"href":"https:\/\/comoaprenderjapones.net\/hu\/wp-json\/wp\/v2\/types\/post"}],"author":[{"embeddable":true,"href":"https:\/\/comoaprenderjapones.net\/hu\/wp-json\/wp\/v2\/users\/18"}],"replies":[{"embeddable":true,"href":"https:\/\/comoaprenderjapones.net\/hu\/wp-json\/wp\/v2\/comments?post=1706"}],"version-history":[{"count":0,"href":"https:\/\/comoaprenderjapones.net\/hu\/wp-json\/wp\/v2\/posts\/1706\/revisions"}],"wp:featuredmedia":[{"embeddable":true,"href":"https:\/\/comoaprenderjapones.net\/hu\/wp-json\/wp\/v2\/media\/1708"}],"wp:attachment":[{"href":"https:\/\/comoaprenderjapones.net\/hu\/wp-json\/wp\/v2\/media?parent=1706"}],"wp:term":[{"taxonomy":"category","embeddable":true,"href":"https:\/\/comoaprenderjapones.net\/hu\/wp-json\/wp\/v2\/categories?post=1706"},{"taxonomy":"post_tag","embeddable":true,"href":"https:\/\/comoaprenderjapones.net\/hu\/wp-json\/wp\/v2\/tags?post=1706"}],"curies":[{"name":"wp","href":"https:\/\/api.w.org\/{rel}","templated":true}]}}