{"id":1713,"date":"2009-11-03T05:14:28","date_gmt":"2009-11-03T07:14:28","guid":{"rendered":"https:\/\/comoaprenderjapones.net\/?p=1713"},"modified":"2018-03-11T15:19:02","modified_gmt":"2018-03-11T18:19:02","slug":"na-melleknevek-japanul","status":"publish","type":"post","link":"https:\/\/comoaprenderjapones.net\/hu\/adjetivos-na-em-japones\/","title":{"rendered":"Na mell\u00e9knevek jap\u00e1nul"},"content":{"rendered":"<div class=\"0ce2e1532cfed878672bf28fff76695e\" data-index=\"2\" style=\"float: none; margin:0px;\">\n<script async src=\"https:\/\/pagead2.googlesyndication.com\/pagead\/js\/adsbygoogle.js?client=ca-pub-0652292147574552\"\r\n     crossorigin=\"anonymous\"><\/script>\r\n<!-- Ads responsivo Inicio Post CAJap -->\r\n<ins class=\"adsbygoogle\"\r\n     style=\"display:block\"\r\n     data-ad-client=\"ca-pub-0652292147574552\"\r\n     data-ad-slot=\"3298668993\"\r\n     data-ad-format=\"auto\"><\/ins>\r\n<script>\r\n     (adsbygoogle = window.adsbygoogle || []).push({});\r\n<\/script>\n<\/div>\n<p><em>Tudjon meg t\u00f6bbet <strong>a na mell\u00e9knevek jap\u00e1nul<\/strong>!<\/em><\/p>\n<p>A kor\u00e1bbi cikkekben a <a href=\"https:\/\/comoaprenderjapones.net\/hu\/japan-melleknevek\/\">mell\u00e9knevek jap\u00e1nul<\/a>a mell\u00e9knevek t\u00edpusainak \u00e9s a jap\u00e1n mell\u00e9knevek sz\u00f3faj\u00e1nak meg\u00e9rt\u00e9se\u00a0<acronym title=\"i\">\u3044<\/acronym>. A mai cikkben a jap\u00e1n mell\u00e9knevek sz\u00f3faj\u00e1t ismerj\u00fck meg.\u00a0<acronym title=\"a\">\u306a<\/acronym>.<\/p>\n<h2>Na mell\u00e9knevek jap\u00e1nul<\/h2>\n<p>A jap\u00e1n nyelvtan nagyon j\u00f3 volt hozz\u00e1nk, amikor a jap\u00e1nban a mell\u00e9knevek ragoz\u00e1s\u00e1r\u00f3l volt sz\u00f3. A mell\u00e9knevek\u00a0<acronym title=\"a\">\u306a<\/acronym>\u00a0nem v\u00e1ltozik az igeid\u0151 szerint. Az id\u0151 gondolat\u00e1nak jel\u00f6l\u00e9s\u00e9re \u00e1ltal\u00e1ban a k\u00f6vetkez\u0151 kifejez\u00e9seket haszn\u00e1ljuk\u00a0<a title=\"Desu - Az ige lenni jap\u00e1nul\" href=\"https:\/\/comoaprenderjapones.net\/hu\/desu-o-verbo-ser-em-japones\/\">a desu igeid\u0151k<\/a>.<\/p>\n<p>Mivel az igeid\u0151ket a\u00a0<acronym title=\"desu\">\u3067\u3059<\/acronym>A jap\u00e1n nyelvben hivatalos \u00e9s inform\u00e1lis form\u00e1ban egyar\u00e1nt el\u0151fordulhat. A jap\u00e1n nyelvtan szab\u00e1lyait k\u00f6vetve val\u00f3sz\u00edn\u0171leg a k\u00f6vetkez\u0151vel tal\u00e1lkozhat.\u00a0<acronym title=\"da - be\">\u3060<\/acronym>,\u00a0<acronym title=\"nai\">\u306a\u3044<\/acronym>\u00a0vagy ak\u00e1r\u00a0<acronym title=\"nakatta\">\u306a\u304b\u3063\u305f<\/acronym>\u00a0a mondatok v\u00e9g\u00e9n, ahelyett, hogy az \u00e1ltal\u00e1nos form\u00e1k a\u00a0<acronym title=\"desu\">\u3067\u3059<\/acronym>.<\/p>\n<h2>A mell\u00e9knevek jelen idej\u0171 igeneve na jap\u00e1nul<\/h2>\n<p>A jap\u00e1n nyelvtan szerint a mell\u00e9knevek legalapvet\u0151bb form\u00e1ja a k\u00f6vetkez\u0151\u00a0<acronym title=\"a\">\u306a<\/acronym>\u00a0egyszer\u0171en a mell\u00e9kn\u00e9v neve, amelyet a sz\u00f3tag k\u00f6vet.\u00a0<acronym title=\"a\">\u306a<\/acronym>. Mindazon\u00e1ltal a mondatokon bel\u00fcl el\u00e9g gyakori, hogy kihagyj\u00e1k a sz\u00f3tagot.\u00a0<acronym title=\"a\">\u306a<\/acronym>\u00a0amikor a jap\u00e1n mell\u00e9kn\u00e9v ut\u00e1n a\u00a0<acronym title=\"desu\">\u3067\u3059<\/acronym>.<\/p>\n<p><acronym title=\"taisetsu na hon desu - Fontos k\u00f6nyvek.\"><span class=\"orange\" style=\"color: #ff0000\">\u5927\u5207<\/span><span class=\"blue\" style=\"color: #00ccff\">\u306a\u672c\u3067\u3059<\/span>\u3002<\/acronym><\/p>\n<p><acronym title=\"kono hon wa taisetsu desu - Ez a k\u00f6nyv fontos.\">\u3053\u306e\u672c\u306f<span class=\"orange\" style=\"color: #ff0000\">\u5927\u5207<\/span><span class=\"blue\" style=\"color: #00ccff\">\u3067\u3059<\/span>\u3002<\/acronym><br \/>\n<\/p>\n<h2>A na mell\u00e9knevek igeneves m\u00falt ideje jap\u00e1nul<\/h2>\n<p>Jap\u00e1n mell\u00e9kn\u00e9v hozz\u00e1ad\u00e1sa\u00a0<acronym title=\"a\">\u306a<\/acronym>\u00a0a m\u00faltban, csak az ig\u00e9t kell ragozni\u00a0<acronym title=\"desu\">\u3067\u3059<\/acronym>\u00a0az igenl\u0151 m\u00falt\u00e9rt.<\/p>\n<p><acronym title=\"Kono hon wa taisetsu deshita - Ez a k\u00f6nyv fontos volt.\">\u3053\u306e\u672c\u306f<span class=\"orange\" style=\"color: #ff0000\">\u5927\u5207<\/span><span class=\"blue\" style=\"color: #00ccff\">\u3067\u3057\u305f<\/span>\u3002<\/acronym><\/p>\n<p><acronym title=\"Yamada-san wa shizuka deshita - Yamada \u00far nyugodt volt.\">\u5c71\u7530\u3055\u3093\u306f<span class=\"orange\">\u3057<span style=\"color: #ff0000\">\u305a\u304b<\/span><\/span><span class=\"blue\" style=\"color: #00ccff\">\u3067\u3057\u305f<\/span>\u3002<\/acronym><\/p>\n<h2>A na mell\u00e9knevek negat\u00edv jelen ideje jap\u00e1nul<\/h2>\n<p>A jap\u00e1n mell\u00e9knevek na negat\u00edv jelen idej\u0171 alakja a <a href=\"https:\/\/comoaprenderjapones.net\/hu\/desu-o-verbo-ser-em-japones\/\">ige\u00a0<acronym title=\"desu\">\u3067\u3059<\/acronym><\/a>\u00a0szint\u00e9n negat\u00edv jelen id\u0151ben. \u00cdgy lesz:<\/p>\n<p><acronym title=\"Kono hon wa taisetsu dewa arimasen. - Ez a k\u00f6nyv nem fontos.\">\u3053\u306e\u672c\u306f<span class=\"orange\" style=\"color: #ff0000\">\u5927\u5207<\/span><span class=\"blue\"><span style=\"color: #00ccff\">\u3067\u306f\u3042\u308a\u307e\u305b\u3093<\/span>\u3002<\/span><\/acronym><\/p>\n<p><acronym title=\"Yamada-san wa shizuka dewa arimasen. - Yamada \u00far nem nyugodt.\">\u5c71\u7530\u3055\u3093\u306f<span class=\"orange\">\u3057<span style=\"color: #ff0000\">\u305a\u304b<\/span><\/span><span class=\"blue\"><span style=\"color: #00ccff\">\u3067\u306f\u3042\u308a\u307e\u305b\u3093<\/span>\u3002<\/span><\/acronym><\/p>\n<h2>A jap\u00e1n mell\u00e9knevek negat\u00edv m\u00falt idej\u0171 alakja jap\u00e1nul<\/h2>\n<p>Csak\u00fagy, mint a jap\u00e1n mell\u00e9knevek t\u00f6bbi id\u0151\u00e1llapota.\u00a0<acronym title=\"a\">\u306a<\/acronym>a negat\u00edv m\u00falt id\u0151 a k\u00f6vetkez\u0151 ig\u00e9vel t\u00f6rt\u00e9nik\u00a0<acronym title=\"desu\">\u3067\u3059<\/acronym>\u00a0ugyanabban az id\u0151m\u00e9rt\u00e9kben: a negat\u00edv m\u00faltban.<\/p>\n<p><acronym title=\"Kono hon wa taisetsu dewa arimasen deshita. - Ez a k\u00f6nyv nem volt fontos.\">\u3053\u306e\u672c\u306f<span class=\"orange\" style=\"color: #ff0000\">\u5927\u5207<\/span><span class=\"blue\"><span style=\"color: #00ccff\">\u3067\u306f\u3042\u308a\u307e\u305b\u3093\u3067\u3057\u305f<\/span>\u3002<\/span><\/acronym><\/p>\n<p><acronym title=\"Yamada-san wa shizuka dewa arimasen deshita. - Yamada \u00far nem volt nyugodt.\">\u5c71\u7530\u3055\u3093\u306f<span class=\"orange\">\u3057<span style=\"color: #ff0000\">\u305a\u304b<\/span><\/span><span class=\"blue\"><span style=\"color: #00ccff\">\u3067\u306f\u3042\u308a\u307e\u305b\u3093\u3067\u3057\u305f<\/span>\u3002<\/span><\/acronym><\/p>\n<h2>A kanji k\u00e9z\u00edr\u00e1s gyakorl\u00e1sa<\/h2>\n<p>Az al\u00e1bbiakban a\u00a0<a href=\"https:\/\/comoaprenderjapones.net\/hu\/hogyan-kell-irni-a-japan-kanji-betuket\/\">Jap\u00e1n ideogr\u00e1fiai szimb\u00f3lumok<\/a>\u00a0ebben a cikkben haszn\u00e1ltak. A k\u00edv\u00e1nt kanjik kiv\u00e1laszt\u00e1sa m\u00e1sol\u00e1s \u00e9s beilleszt\u00e9s a\u00a0<a href=\"https:\/\/comoaprenderjapones.net\/hu\/in\/imprimir-para-treinar-kanas-e-kanjis\/\" target=\"_blank\" rel=\"noopener\">Kana \u00e9s Kanji gyakorl\u00f3 feladatlap<\/a>\u00a0egy \u00faj ablak fog megny\u00edlni, ahol megtekintheti a nyomtathat\u00f3 f\u00e1jlt, \u00e9s gyakorolhatja a jap\u00e1n kalligr\u00e1fi\u00e1t a sz\u00fcrke szimb\u00f3lumok letakar\u00e1s\u00e1val, majd megpr\u00f3b\u00e1lhat egyed\u00fcl \u00edrni. Csak nyomtasd ki \u00e9s gyakorolj.<\/p>\n<table style=\"height: 43px\" border=\"0\" width=\"329\" cellspacing=\"2\" cellpadding=\"2\">\n<tbody>\n<tr>\n<td align=\"left\" valign=\"middle\">\u5927<\/td>\n<td align=\"left\" valign=\"middle\">\u5207<\/td>\n<td align=\"left\" valign=\"middle\">\u672c<\/td>\n<td align=\"left\" valign=\"middle\">\u5c71<\/td>\n<td align=\"left\" valign=\"middle\">\u7530<\/td>\n<\/tr>\n<\/tbody>\n<\/table>\n\n<div style=\"font-size: 0px; height: 0px; line-height: 0px; margin: 0; padding: 0; clear: both;\"><\/div>","protected":false},"excerpt":{"rendered":"<p>Tudj meg t\u00f6bbet a jap\u00e1n mell\u00e9knevekr\u0151l most! A jap\u00e1n mell\u00e9knevekr\u0151l sz\u00f3l\u00f3 kor\u00e1bbi cikkekben megismerkedt\u00fcnk a mell\u00e9knevek t\u00edpusaival \u00e9s a jap\u00e1n mell\u00e9knevek \u3044 ragoz\u00e1s\u00e1val. A mai cikk\u00fcnkben a jap\u00e1n mell\u00e9knevek sz\u00f3faj\u00e1t ismerj\u00fck meg.<\/p>","protected":false},"author":18,"featured_media":1714,"comment_status":"open","ping_status":"closed","sticky":false,"template":"","format":"standard","meta":{"_jetpack_memberships_contains_paid_content":false,"footnotes":""},"categories":[76,49,70],"tags":[69,27,71,2,3],"class_list":["post-1713","post","type-post","status-publish","format-standard","has-post-thumbnail","hentry","category-adjetivos-japoneses","category-curso-de-japones-gratis","category-gramatica-japonesa","tag-curso-japones-gratis","tag-gramatica","tag-gramatica-japonesa","tag-idioma-japones","tag-nihongo"],"jetpack_featured_media_url":"https:\/\/i0.wp.com\/comoaprenderjapones.net\/wp-content\/uploads\/2018\/03\/adjetivos-na-em-japones.png?fit=500%2C400&ssl=1","jetpack-related-posts":[{"id":1719,"url":"https:\/\/comoaprenderjapones.net\/hu\/como-usar-adjetivos-em-japones\/","url_meta":{"origin":1713,"position":0},"title":"Hogyan haszn\u00e1ljuk a mell\u00e9kneveket jap\u00e1nul","author":"L\u00edngua Japonesa","date":"3 de november de 2009","format":false,"excerpt":"Aprenda agora a como usar adjetivos em japon\u00eas! Segundo a gram\u00e1tica japonesa, os adjetivos em japon\u00eas podem ser usados de v\u00e1rias formas diferentes, contudo as formas de uso mais comuns s\u00e3o antes e depois dos substantivos. Como usar adjetivos em japon\u00eas Passe o cursor do mouse sobre os s\u00edmbolos japoneses\u2026","rel":"","context":"In &quot;Adjetivos japoneses&quot;","block_context":{"text":"Adjetivos japoneses","link":"https:\/\/comoaprenderjapones.net\/hu\/adjetivos-japoneses\/"},"img":{"alt_text":"Como usar adjetivos em japon\u00eas - \u305d\u308c\u306f\u9752\u3044\u672c\u3067\u3059\u304b\uff1f","src":"https:\/\/i0.wp.com\/comoaprenderjapones.net\/wp-content\/uploads\/2018\/03\/como-usar-os-adjetivos-em-japones.png?fit=500%2C400&ssl=1&resize=350%2C200","width":350,"height":200},"classes":[]},{"id":1699,"url":"https:\/\/comoaprenderjapones.net\/hu\/tipos-de-adjetivos-em-japones\/","url_meta":{"origin":1713,"position":1},"title":"A mell\u00e9knevek t\u00edpusai jap\u00e1nul","author":"L\u00edngua Japonesa","date":"3 de november de 2009","format":false,"excerpt":"Conhe\u00e7a os tipos de adjetivos em japon\u00eas e aprenda mais! Antes de come\u00e7ar a falar sobre os adjetivos japoneses propriamente ditos, vamos ver uma descri\u00e7\u00e3o geral sobre os tipos de adjetivos encontrados na l\u00edngua japonesa. Passe o cursor do mouse sobre os s\u00edmbolos japoneses (kanjis) para ver a pron\u00fancia e\u2026","rel":"","context":"In &quot;Curso de Japon\u00eas Gr\u00e1tis&quot;","block_context":{"text":"Curso de Japon\u00eas Gr\u00e1tis","link":"https:\/\/comoaprenderjapones.net\/hu\/curso-de-japones-gratis\/"},"img":{"alt_text":"Os tipos de adjetivos em japon\u00eas - \u9752\u3044\u8eca","src":"https:\/\/i0.wp.com\/comoaprenderjapones.net\/wp-content\/uploads\/2009\/11\/tipos-de-adjetivos-em-japones.png?fit=500%2C400&ssl=1&resize=350%2C200","width":350,"height":200},"classes":[]},{"id":1706,"url":"https:\/\/comoaprenderjapones.net\/hu\/adjetivos-i-em-japones\/","url_meta":{"origin":1713,"position":2},"title":"Az i mell\u00e9knevek jap\u00e1nul","author":"L\u00edngua Japonesa","date":"3 de november de 2009","format":false,"excerpt":"Vamos agora conhecer\u00a0os adjetivos i em japon\u00eas! Como j\u00e1 conhecemos superficialmente os adjetivos em japon\u00eas, chegou o momento de aprofundarmos um pouco mais no assunto dos adjetivos japoneses. \u00c9 neste ponto que a gram\u00e1tica japonesa demora a ser compreendida por iniciantes em\u00a0l\u00edngua japonesa. Todos n\u00f3s conhecemos o conceito de flex\u00e3o\u2026","rel":"","context":"In &quot;Adjetivos japoneses&quot;","block_context":{"text":"Adjetivos japoneses","link":"https:\/\/comoaprenderjapones.net\/hu\/adjetivos-japoneses\/"},"img":{"alt_text":"Os adjetivos i em japon\u00eas - \u65b0\u3057\u3044\u30dc\u30fc\u30eb","src":"https:\/\/i0.wp.com\/comoaprenderjapones.net\/wp-content\/uploads\/2009\/11\/adjetivos-i-em-japones.png?fit=500%2C400&ssl=1&resize=350%2C200","width":350,"height":200},"classes":[]},{"id":2103,"url":"https:\/\/comoaprenderjapones.net\/hu\/verbos-em-japones-na-forma-tai\/","url_meta":{"origin":1713,"position":3},"title":"Jap\u00e1n ig\u00e9k TAI alakban","author":"L\u00edngua Japonesa","date":"4 de november de 2009","format":false,"excerpt":"Os verbos em japon\u00eas na forma TAI-\u00a0\u00a0\u305f\u3044\u00a0s\u00e3o usados para expressar o desejo de realizar uma atividade espec\u00edfica. Por causa disso, essa forma dos verbos em japon\u00eas se utiliza muito dos verbos de a\u00e7\u00e3o. Verbos em japon\u00eas na forma TAI O presente e os verbos na forma tai Para utilizar a\u2026","rel":"","context":"In &quot;Curso de Japon\u00eas Gr\u00e1tis&quot;","block_context":{"text":"Curso de Japon\u00eas Gr\u00e1tis","link":"https:\/\/comoaprenderjapones.net\/hu\/curso-de-japones-gratis\/"},"img":{"alt_text":"Verbos em japon\u00eas na forma TAI - \u8cb7\u3044\u305f\u3044","src":"https:\/\/i0.wp.com\/comoaprenderjapones.net\/wp-content\/uploads\/2009\/11\/verbos-em-japones-na-forma-tai.png?fit=500%2C400&ssl=1&resize=350%2C200","width":350,"height":200},"classes":[]},{"id":1771,"url":"https:\/\/comoaprenderjapones.net\/hu\/os-adverbios-em-japones\/","url_meta":{"origin":1713,"position":4},"title":"Adverbiumok jap\u00e1nul","author":"L\u00edngua Japonesa","date":"3 de november de 2009","format":false,"excerpt":"Conhe\u00e7a mais sobre\u00a0os adv\u00e9rbios em japon\u00eas com exemplos! Muitos j\u00e1 devem saber que adv\u00e9rbios s\u00e3o palavras invari\u00e1veis que modificam ou adicionam significado aos verbos e adjetivos. Os adv\u00e9rbios japoneses podem indicar tempo, freq\u00fc\u00eancia e v\u00e1rias outras situa\u00e7\u00f5es dependendo da frase. Passe o cursor do mouse sobre os s\u00edmbolos japoneses para\u2026","rel":"","context":"In &quot;Curso de Japon\u00eas Gr\u00e1tis&quot;","block_context":{"text":"Curso de Japon\u00eas Gr\u00e1tis","link":"https:\/\/comoaprenderjapones.net\/hu\/curso-de-japones-gratis\/"},"img":{"alt_text":"Os adv\u00e9rbios em japon\u00eas","src":"https:\/\/i0.wp.com\/comoaprenderjapones.net\/wp-content\/uploads\/2009\/11\/os-adverbios-em-japones.png?fit=500%2C400&ssl=1&resize=350%2C200","width":350,"height":200},"classes":[]},{"id":1604,"url":"https:\/\/comoaprenderjapones.net\/hu\/curso-de-japones-gratis-guia-de-estudos\/","url_meta":{"origin":1713,"position":5},"title":"Ingyenes jap\u00e1n tanfolyam - Tanul\u00e1si \u00fatmutat\u00f3","author":"L\u00edngua Japonesa","date":"16 de november de 2009","format":false,"excerpt":"Veja aqui a lista completa dos posts publicados para o\u00a0Curso de japon\u00eas gr\u00e1tis - Guia de estudos! Est\u00e1 p\u00e1gina funciona como um guia de estudos para o curso de japon\u00eas gr\u00e1tis do L\u00edngua Japonesa, onde qualquer interessado poder\u00e1 aprender japon\u00eas online gratuitamente. O objetivo \u00e9 reunir o m\u00e1ximo de conhecimento\u2026","rel":"","context":"In &quot;Curso de Japon\u00eas Gr\u00e1tis&quot;","block_context":{"text":"Curso de Japon\u00eas Gr\u00e1tis","link":"https:\/\/comoaprenderjapones.net\/hu\/curso-de-japones-gratis\/"},"img":{"alt_text":"Como formar frases em japon\u00eas","src":"https:\/\/i0.wp.com\/comoaprenderjapones.net\/wp-content\/uploads\/2014\/09\/nihongo_idioma.jpg?fit=477%2C296&ssl=1&resize=350%2C200","width":350,"height":200},"classes":[]}],"jetpack_sharing_enabled":true,"amp_enabled":true,"_links":{"self":[{"href":"https:\/\/comoaprenderjapones.net\/hu\/wp-json\/wp\/v2\/posts\/1713","targetHints":{"allow":["GET"]}}],"collection":[{"href":"https:\/\/comoaprenderjapones.net\/hu\/wp-json\/wp\/v2\/posts"}],"about":[{"href":"https:\/\/comoaprenderjapones.net\/hu\/wp-json\/wp\/v2\/types\/post"}],"author":[{"embeddable":true,"href":"https:\/\/comoaprenderjapones.net\/hu\/wp-json\/wp\/v2\/users\/18"}],"replies":[{"embeddable":true,"href":"https:\/\/comoaprenderjapones.net\/hu\/wp-json\/wp\/v2\/comments?post=1713"}],"version-history":[{"count":0,"href":"https:\/\/comoaprenderjapones.net\/hu\/wp-json\/wp\/v2\/posts\/1713\/revisions"}],"wp:featuredmedia":[{"embeddable":true,"href":"https:\/\/comoaprenderjapones.net\/hu\/wp-json\/wp\/v2\/media\/1714"}],"wp:attachment":[{"href":"https:\/\/comoaprenderjapones.net\/hu\/wp-json\/wp\/v2\/media?parent=1713"}],"wp:term":[{"taxonomy":"category","embeddable":true,"href":"https:\/\/comoaprenderjapones.net\/hu\/wp-json\/wp\/v2\/categories?post=1713"},{"taxonomy":"post_tag","embeddable":true,"href":"https:\/\/comoaprenderjapones.net\/hu\/wp-json\/wp\/v2\/tags?post=1713"}],"curies":[{"name":"wp","href":"https:\/\/api.w.org\/{rel}","templated":true}]}}