{"id":1785,"date":"2009-11-03T05:57:29","date_gmt":"2009-11-03T07:57:29","guid":{"rendered":"https:\/\/comoaprenderjapones.net\/?p=1785"},"modified":"2018-03-18T19:04:22","modified_gmt":"2018-03-18T22:04:22","slug":"a-japan-igek-te-alakja","status":"publish","type":"post","link":"https:\/\/comoaprenderjapones.net\/hu\/forma-te-dos-verbos-em-japones\/","title":{"rendered":"Az ig\u00e9k TE alakja a jap\u00e1nban"},"content":{"rendered":"<div class=\"0ce2e1532cfed878672bf28fff76695e\" data-index=\"2\" style=\"float: none; margin:0px;\">\n<script async src=\"https:\/\/pagead2.googlesyndication.com\/pagead\/js\/adsbygoogle.js?client=ca-pub-0652292147574552\"\r\n     crossorigin=\"anonymous\"><\/script>\r\n<!-- Ads responsivo Inicio Post CAJap -->\r\n<ins class=\"adsbygoogle\"\r\n     style=\"display:block\"\r\n     data-ad-client=\"ca-pub-0652292147574552\"\r\n     data-ad-slot=\"3298668993\"\r\n     data-ad-format=\"auto\"><\/ins>\r\n<script>\r\n     (adsbygoogle = window.adsbygoogle || []).push({});\r\n<\/script>\n<\/div>\n<p><em>Tudjon meg t\u00f6bbet <strong>a jap\u00e1n ig\u00e9k TE alakja<\/strong>!<\/em><br \/>\n<img data-recalc-dims=\"1\" decoding=\"async\" class=\"wp-image-1786 size-full alignleft\" title=\"Az ig\u00e9k TE alakja a jap\u00e1nban\" src=\"https:\/\/i0.wp.com\/comoaprenderjapones.net\/wp-content\/uploads\/2018\/03\/forma-te-dos-verbos-em-japones.jpg?resize=222%2C150&#038;ssl=1\" alt=\"Az ig\u00e9k TE alakja a jap\u00e1nban\" width=\"222\" height=\"150\" \/><br \/>\nMa megtanuljuk, hogyan\u00a0<acronym title=\"te\">\u3066<\/acronym>jap\u00e1n ig\u00e9k. Az alak\u00a0<acronym title=\"te\">\u3066<\/acronym>\u00a0az\u00e9rt \u00e9rdekes, mert \u00f6nmag\u00e1ban nem jelez id\u0151m\u00e9rt\u00e9ket, de m\u00e1s ig\u00e9kkel kombin\u00e1lva az eddig l\u00e1tottakt\u00f3l elt\u00e9r\u0151 id\u0151m\u00e9rt\u00e9kes kifejez\u00e9seket hozhat l\u00e9tre.<\/p>\n<h2>Az ig\u00e9k TE alakja a jap\u00e1nban<\/h2>\n<p>A jap\u00e1n ig\u00e9k haszn\u00e1lata a k\u00f6vetkez\u0151 form\u00e1ban\u00a0<acronym title=\"te\">\u3066<\/acronym>\u00a0sz\u00fcks\u00e9g\u00fcnk lesz r\u00e1juk.\u00a0<a title=\"Jap\u00e1n ig\u00e9k inform\u00e1lis m\u00f3dban\" href=\"https:\/\/comoaprenderjapones.net\/hu\/modo-informal-dos-verbos-em-japones\/\">inform\u00e1lis m\u00faltban ragozott ig\u00e9k<\/a>. Teh\u00e1t megv\u00e1ltoztatjuk a befejez\u00e9st\u00a0<acronym title=\"ta\">\u305f<\/acronym>\u00a0az inform\u00e1lis m\u00faltban l\u00e9v\u0151 ig\u00e9k\u00a0<acronym title=\"te\">\u3066<\/acronym>\u00a0\u00e9s a\u00a0<acronym title=\"a\">\u3060<\/acronym>\u00a0megv\u00e1ltoztatjuk a befejez\u00e9st\u00a0<acronym title=\"a\">\u3067<\/acronym>. N\u00e9zze meg:<\/p>\n<p><acronym title=\"nonda | bebeu (inform\u00e1lis m\u00falt)\">\u98f2\u3093\u3060<\/acronym>\u00a0fordul\u00a0<acronym title=\"nonde | ital\"><span class=\"orange\">\u98f2\u3093<\/span>\u3067<\/acronym><\/p>\n<p><acronym title=\"tabeta | ate (inform\u00e1lis m\u00falt)\">\u98df\u3079\u305f<\/acronym>\u00a0fordul\u00a0<acronym title=\"tabete | eat\"><span class=\"orange\">\u98df\u3079<\/span>\u3066<\/acronym><\/p>\n<p><acronym title=\"kitta | cortou (inform\u00e1lis m\u00falt)\">\u5207\u3063\u305f<\/acronym>\u00a0fordul\u00a0<acronym title=\"kitte | v\u00e1g\u00e1s\"><span class=\"orange\">\u5207\u3063<\/span>\u3066<\/acronym><\/p>\n<p>Most, hogy tudjuk, hogyan kell megkonstru\u00e1lni az alakzatot\u00a0<acronym title=\"te\">\u3066<\/acronym>N\u00e9zz\u00fck meg n\u00e9h\u00e1ny felhaszn\u00e1l\u00e1si m\u00f3dj\u00e1t.<\/p>\n<p>1. Az alak\u00a0<acronym title=\"te\">\u3066<\/acronym>\u00a0a megrendel\u00e9sek lead\u00e1s\u00e1ra szolg\u00e1l a\u00a0<acronym title=\"Kudasai | k\u00e9rem\">\u304f\u3060\u3055\u3044<\/acronym>.<\/p>\n<p><acronym title=\"mite kudasai | Please look\">\u898b\u3066 \u304f\u3060\u3055\u3044\u3002<\/acronym><\/p>\n<p><acronym title=\"kiite kudasai | Please listen\">\u805e\u3044\u3066 \u304f\u3060\u3055\u3044\u3002<\/acronym><\/p>\n<p>2. Az alak\u00a0<acronym title=\"te\">\u3066<\/acronym>\u00a0a folyamatos jelen idej\u0171, vagy gerundium jelz\u00e9s\u00e9re is haszn\u00e1latos a\u00a0<acronym title=\"iru\">\u3044\u308b<\/acronym>\u00a0e\u00a0<acronym title=\"imasu\">\u3044\u307e\u3059<\/acronym>\u00a0hivatalos m\u00f3don.<\/p>\n<p><acronym title=\"hirugohan o tabete iru | \u00c9ppen eb\u00e9delek.\">\u663c\u3054\u306f\u3093 \u3092<span class=\"orange\">\u98df\u3079\u3066<\/span>\u00a0\u3044\u308b\u3002<\/acronym><\/p>\n<p><acronym title=\"Terebi o mite imasu | Telev\u00edzi\u00f3t n\u00e9zek\">\u30c6\u30ec\u30d3 \u3092<span class=\"orange\">\u898b\u3066\u00a0<\/span>\u3044\u307e\u3059\u3002<\/acronym><\/p>\n<p>3. Jap\u00e1n ig\u00e9k a k\u00f6vetkez\u0151 form\u00e1ban\u00a0<acronym title=\"te\">\u3066<\/acronym>\u00a0az egym\u00e1st k\u00f6vet\u0151 m\u0171veletek k\u00f6zl\u00e9s\u00e9re is haszn\u00e1lj\u00e1k. \u00c1ltal\u00e1ban egy vagy t\u00f6bb ig\u00e9vel egy\u00fctt.<\/p>\n<p><acronym title=\"Hachi-ji ni okitte gakkou ni itta | Nyolckor keltem \u00e9s mentem iskol\u00e1ba.\">\u516b\u6642\u306b<span class=\"orange\">\u8d77\u304d\u3066<\/span>\u5b66\u6821\u306b\u884c\u3063\u305f\u3002<\/acronym><\/p>\n<p><acronym title=\"Depaato ni itte kutsu o katta | Elmentem az \u00e1ruh\u00e1zakba \u00e9s cip\u0151t vettem.\">\u30c7\u30d1\u30fc\u30c8\u306b<span class=\"orange\">\u884c\u3063\u3066<\/span>\u304f\u3064\u3092\u8cb7\u3063\u305f\u3002<\/acronym><\/p>\n<p>Ismerje fel, hogy a forma\u00a0<acronym title=\"te\">\u3066<\/acronym>\u00a0Ilyen k\u00f6r\u00fclm\u00e9nyek k\u00f6z\u00f6tt \u00e1ltal\u00e1ban a mondatok k\u00f6zep\u00e9n j\u00f6n.<br \/>\n<br \/>\n4. V\u00e9g\u00fcl, a forma\u00a0<acronym title=\"te\">\u3066<\/acronym>\u00a0enged\u00e9lyk\u00e9r\u00e9sre is haszn\u00e1lhat\u00f3.<\/p>\n<p>Ebben az esetben \u00e1ltal\u00e1ban a k\u00f6vetkez\u0151 szab\u00e1lyt alkalmazz\u00e1k: az ige a\u00a0<acronym title=\"te\">\u3066<\/acronym>\u00a0+\u00a0<acronym title=\"mo ii desu ka?\">\u3082 \u3044\u3044 \u3067\u3059\u304b\uff1f<\/acronym>. L\u00e1sd al\u00e1bb:<\/p>\n<p><acronym title=\"Terebi o mitte mo ii mo ii desu ka? | N\u00e9zhetek t\u00e9v\u00e9t?\">\u30c6\u30ec\u30d3\u3092<span class=\"orange\">\u898b\u3066<\/span><span class=\"blue\">\u3082\u3044\u3044\u3044\u3067\u3059\u304b<\/span>\uff1f<\/acronym><\/p>\n<p><acronym title=\"Tabako o sutte mo ii desu ka? | Doh\u00e1nyzhatok ( eca! )?\">\u30bf\u30d0\u30b3\u3092<span class=\"orange\">\u3059\u3063\u3066<\/span><span class=\"blue\">\u3082\u3044\u3044\u3044\u3067\u3059\u304b<\/span>\uff1f<\/acronym><\/p>\n<p>Az al\u00e1bbiakban megtekinthet egy vide\u00f3t, amely a jap\u00e1n ig\u00e9k TE alakj\u00e1t is elmagyar\u00e1zza:<\/p>\n<p><iframe title=\"2. \u00c9S 3. CSOPORTBA TARTOZ\u00d3 IG\u00c9K (&quot;TE&quot; ALAK) - #69 LECKE\" width=\"1200\" height=\"675\" src=\"https:\/\/www.youtube.com\/embed\/DcgnYju7E8E?feature=oembed\" frameborder=\"0\" allow=\"accelerometer; autoplay; clipboard-write; encrypted-media; gyroscope; picture-in-picture\" allowfullscreen><\/iframe><\/p>\n<h2>A kanji k\u00e9z\u00edr\u00e1s gyakorl\u00e1sa<\/h2>\n<p>Az al\u00e1bbiakban a\u00a0<a href=\"https:\/\/comoaprenderjapones.net\/hu\/hogyan-kell-irni-a-japan-kanji-betuket\/\">Jap\u00e1n ideogr\u00e1fiai szimb\u00f3lumok<\/a>\u00a0ebben a cikkben haszn\u00e1ltak. A k\u00edv\u00e1nt kanjik kiv\u00e1laszt\u00e1sa m\u00e1sol\u00e1s \u00e9s beilleszt\u00e9s a\u00a0<a href=\"https:\/\/comoaprenderjapones.net\/hu\/in\/imprimir-para-treinar-kanas-e-kanjis\/\" target=\"_blank\" rel=\"noopener\">Kana \u00e9s Kanji gyakorl\u00f3 feladatlap<\/a>\u00a0Megny\u00edlik egy \u00faj ablak, ahol megtekintheti a nyomtathat\u00f3 f\u00e1jlt, \u00e9s gyakorolhatja a jap\u00e1n kalligr\u00e1fi\u00e1t a sz\u00fcrke szimb\u00f3lumok letakar\u00e1s\u00e1val, majd megpr\u00f3b\u00e1lhatja maga \u00edrni \u0151ket. Csak nyomtassa ki \u00e9s gyakoroljon<\/p>\n<table style=\"height: 142px\" border=\"0\" width=\"440\" cellspacing=\"2\" cellpadding=\"2\">\n<tbody>\n<tr>\n<td align=\"left\" valign=\"middle\">\u5f85<\/td>\n<td align=\"left\" valign=\"middle\">\u8cb7<\/td>\n<td align=\"left\" valign=\"middle\">\u66f8<\/td>\n<td align=\"left\" valign=\"middle\">\u5e30<\/td>\n<td align=\"left\" valign=\"middle\">\u98f2<\/td>\n<\/tr>\n<tr>\n<td align=\"left\" valign=\"middle\">\u6b7b<\/td>\n<td align=\"left\" valign=\"middle\">\u98df<\/td>\n<td align=\"left\" valign=\"middle\">\u898b<\/td>\n<td align=\"left\" valign=\"middle\">\u6559<\/td>\n<td align=\"left\" valign=\"middle\">\u8d77<\/td>\n<\/tr>\n<tr>\n<td align=\"left\" valign=\"middle\">\u6765<\/td>\n<td align=\"left\" valign=\"middle\">\u6642<\/td>\n<td align=\"left\" valign=\"middle\">\u5b66<\/td>\n<td align=\"left\" valign=\"middle\">\u6821<\/td>\n<td align=\"left\" valign=\"middle\">\u5f7c<\/td>\n<\/tr>\n<tr>\n<td align=\"left\" valign=\"middle\">\u660e<\/td>\n<td align=\"left\" valign=\"middle\">\u5207<\/td>\n<td align=\"left\" valign=\"middle\">\u805e<\/td>\n<td align=\"left\" valign=\"middle\">\u663c<\/td>\n<td align=\"left\" valign=\"middle\">\u884c<\/td>\n<\/tr>\n<\/tbody>\n<\/table>\n\n<div style=\"font-size: 0px; height: 0px; line-height: 0px; margin: 0; padding: 0; clear: both;\"><\/div>","protected":false},"excerpt":{"rendered":"<p>Tudj meg t\u00f6bbet a jap\u00e1n ig\u00e9k TE alakj\u00e1r\u00f3l! Ma a jap\u00e1n ig\u00e9k \u3066 alakj\u00e1r\u00f3l fogunk tanulni. A \u3066 forma az\u00e9rt \u00e9rdekes, mert nem \u00f6nmag\u00e1ban, hanem m\u00e1s ig\u00e9kkel kombin\u00e1lva jel\u00f6li az igeid\u0151t,<\/p>","protected":false},"author":18,"featured_media":1788,"comment_status":"open","ping_status":"closed","sticky":false,"template":"","format":"standard","meta":{"_jetpack_memberships_contains_paid_content":false,"footnotes":""},"categories":[49,70,73,60],"tags":[69,27,71,2,3],"class_list":["post-1785","post","type-post","status-publish","format-standard","has-post-thumbnail","hentry","category-curso-de-japones-gratis","category-gramatica-japonesa","category-verbos-em-japones","category-vocabulario-japones","tag-curso-japones-gratis","tag-gramatica","tag-gramatica-japonesa","tag-idioma-japones","tag-nihongo"],"jetpack_featured_media_url":"https:\/\/i0.wp.com\/comoaprenderjapones.net\/wp-content\/uploads\/2009\/11\/forma-te-%E3%81%A6-dos-verbos-em-japones.png?fit=500%2C400&ssl=1","jetpack-related-posts":[{"id":1713,"url":"https:\/\/comoaprenderjapones.net\/hu\/adjetivos-na-em-japones\/","url_meta":{"origin":1785,"position":0},"title":"Na mell\u00e9knevek jap\u00e1nul","author":"L\u00edngua Japonesa","date":"3 de november de 2009","format":false,"excerpt":"Aprenda agora mais sobre os adjetivos na em japon\u00eas! Nos artigos anteriores sobre adjetivos em japon\u00eas, entendemos os tipos de adjetivos e as flex\u00f5es dos adjetivos japoneses\u00a0\u3044. No artigo de hoje vamos conhecer as flex\u00f5es dos adjetivos japoneses\u00a0\u306a. Os adjetivos na em japon\u00eas No que diz respeito \u00e0 flex\u00e3o desses\u2026","rel":"","context":"In &quot;Adjetivos japoneses&quot;","block_context":{"text":"Adjetivos japoneses","link":"https:\/\/comoaprenderjapones.net\/hu\/adjetivos-japoneses\/"},"img":{"alt_text":"Os adjetivos na em japon\u00eas - \u5927\u5207\u306a\u672c\u3067\u3059","src":"https:\/\/i0.wp.com\/comoaprenderjapones.net\/wp-content\/uploads\/2018\/03\/adjetivos-na-em-japones.png?fit=500%2C400&ssl=1&resize=350%2C200","width":350,"height":200},"classes":[]},{"id":1665,"url":"https:\/\/comoaprenderjapones.net\/hu\/desu-o-verbo-ser-em-japones\/","url_meta":{"origin":1785,"position":1},"title":"Desu - Az ige lenni jap\u00e1nul","author":"L\u00edngua Japonesa","date":"3 de november de 2009","format":false,"excerpt":"Saiba mais sobre o\u00a0Desu - O verbo ser em japon\u00eas! Os verbos em japon\u00eas s\u00e3o algo bem diferente do conceito de verbos existentes na l\u00edngua portuguesa. Desu - O verbo ser em japon\u00eas Uma das principais dificuldades para os estudantes de japon\u00eas, \u00e9 o fato da l\u00edngua japonesa possuir apenas\u2026","rel":"","context":"In &quot;Curso de Japon\u00eas Gr\u00e1tis&quot;","block_context":{"text":"Curso de Japon\u00eas Gr\u00e1tis","link":"https:\/\/comoaprenderjapones.net\/hu\/curso-de-japones-gratis\/"},"img":{"alt_text":"Desu - O verbo ser em japon\u00eas","src":"https:\/\/i0.wp.com\/comoaprenderjapones.net\/wp-content\/uploads\/2009\/11\/desu-o-verbo-ser-em-japones.png?fit=500%2C400&ssl=1&resize=350%2C200","width":350,"height":200},"classes":[]},{"id":1719,"url":"https:\/\/comoaprenderjapones.net\/hu\/como-usar-adjetivos-em-japones\/","url_meta":{"origin":1785,"position":2},"title":"Hogyan haszn\u00e1ljuk a mell\u00e9kneveket jap\u00e1nul","author":"L\u00edngua Japonesa","date":"3 de november de 2009","format":false,"excerpt":"Aprenda agora a como usar adjetivos em japon\u00eas! Segundo a gram\u00e1tica japonesa, os adjetivos em japon\u00eas podem ser usados de v\u00e1rias formas diferentes, contudo as formas de uso mais comuns s\u00e3o antes e depois dos substantivos. Como usar adjetivos em japon\u00eas Passe o cursor do mouse sobre os s\u00edmbolos japoneses\u2026","rel":"","context":"In &quot;Adjetivos japoneses&quot;","block_context":{"text":"Adjetivos japoneses","link":"https:\/\/comoaprenderjapones.net\/hu\/adjetivos-japoneses\/"},"img":{"alt_text":"Como usar adjetivos em japon\u00eas - \u305d\u308c\u306f\u9752\u3044\u672c\u3067\u3059\u304b\uff1f","src":"https:\/\/i0.wp.com\/comoaprenderjapones.net\/wp-content\/uploads\/2018\/03\/como-usar-os-adjetivos-em-japones.png?fit=500%2C400&ssl=1&resize=350%2C200","width":350,"height":200},"classes":[]},{"id":1756,"url":"https:\/\/comoaprenderjapones.net\/hu\/forma-masu-dos-verbos-em-japones\/","url_meta":{"origin":1785,"position":3},"title":"Masu igealakok jap\u00e1nul","author":"L\u00edngua Japonesa","date":"3 de november de 2009","format":false,"excerpt":"Conhe\u00e7a a forma masu dos verbos em japon\u00eas! Se no artigo anterior, descobrimos um\u00a0modo informal dos verbos japoneses, no artigo de hoje, conheceremos o modo formal, que em japon\u00eas \u00e9 chamado de forma masu. Forma masu dos verbos em japon\u00eas Como j\u00e1 mencionamos em artigos anteriores, a\u00a0l\u00edngua japonesa, diferentemente de\u2026","rel":"","context":"In &quot;Curso de Japon\u00eas Gr\u00e1tis&quot;","block_context":{"text":"Curso de Japon\u00eas Gr\u00e1tis","link":"https:\/\/comoaprenderjapones.net\/hu\/curso-de-japones-gratis\/"},"img":{"alt_text":"Forma masu dos verbos em japon\u00eas","src":"https:\/\/i0.wp.com\/comoaprenderjapones.net\/wp-content\/uploads\/2009\/11\/forma-masu-dos-verbos-em-japones.png?fit=500%2C400&ssl=1&resize=350%2C200","width":350,"height":200},"classes":[]},{"id":1741,"url":"https:\/\/comoaprenderjapones.net\/hu\/verbos-aru-e-iru-em-japones\/","url_meta":{"origin":1785,"position":4},"title":"Az aru \u00e9s iru ig\u00e9k jap\u00e1nul","author":"L\u00edngua Japonesa","date":"3 de november de 2009","format":false,"excerpt":"Conhe\u00e7a mais detalhes sobre\u00a0os verbos aru e iru em japon\u00eas! Os verbos\u00a0\u3042\u308b\u00a0e\u00a0\u3044\u308b\u00a0s\u00e3o dois verbos em japon\u00eas que possuem o mesmo significado e podem ser usados da mesma forma. A diferen\u00e7a b\u00e1sica entre estes dois verbos \u00e9 que\u00a0\u3044\u308b\u00a0\u00e9 usado quando o sujeito da frase \u00e9 uma pessoa ou animal (objeto animado\u2026","rel":"","context":"In &quot;Curso de Japon\u00eas Gr\u00e1tis&quot;","block_context":{"text":"Curso de Japon\u00eas Gr\u00e1tis","link":"https:\/\/comoaprenderjapones.net\/hu\/curso-de-japones-gratis\/"},"img":{"alt_text":"Os verbos aru e iru em japon\u00eas","src":"https:\/\/i0.wp.com\/comoaprenderjapones.net\/wp-content\/uploads\/2018\/03\/verbos-aru-e-iru-em-japones.png?fit=500%2C400&ssl=1&resize=350%2C200","width":350,"height":200},"classes":[]},{"id":1751,"url":"https:\/\/comoaprenderjapones.net\/hu\/modo-informal-dos-verbos-em-japones\/","url_meta":{"origin":1785,"position":5},"title":"Az ig\u00e9k inform\u00e1lis m\u00f3dja a jap\u00e1nban","author":"L\u00edngua Japonesa","date":"3 de november de 2009","format":false,"excerpt":"Aprenda agora o\u00a0modo informal dos verbos em japon\u00eas! A forma simples de um verbo em japon\u00eas seria algo muito pr\u00f3ximo ao infinitivo dos verbos na l\u00edngua portuguesa. Ou seja, essa \u00e9 a forma mais primitiva de um verbo em japon\u00eas. O modo informal dos verbos em japon\u00eas Por ser a\u2026","rel":"","context":"In &quot;Curso de Japon\u00eas Gr\u00e1tis&quot;","block_context":{"text":"Curso de Japon\u00eas Gr\u00e1tis","link":"https:\/\/comoaprenderjapones.net\/hu\/curso-de-japones-gratis\/"},"img":{"alt_text":"O modo informal dos verbos em japon\u00eas","src":"https:\/\/i0.wp.com\/comoaprenderjapones.net\/wp-content\/uploads\/2018\/03\/modo-informal-dos-verbos-em-japones.png?fit=500%2C400&ssl=1&resize=350%2C200","width":350,"height":200},"classes":[]}],"jetpack_sharing_enabled":true,"amp_enabled":true,"_links":{"self":[{"href":"https:\/\/comoaprenderjapones.net\/hu\/wp-json\/wp\/v2\/posts\/1785","targetHints":{"allow":["GET"]}}],"collection":[{"href":"https:\/\/comoaprenderjapones.net\/hu\/wp-json\/wp\/v2\/posts"}],"about":[{"href":"https:\/\/comoaprenderjapones.net\/hu\/wp-json\/wp\/v2\/types\/post"}],"author":[{"embeddable":true,"href":"https:\/\/comoaprenderjapones.net\/hu\/wp-json\/wp\/v2\/users\/18"}],"replies":[{"embeddable":true,"href":"https:\/\/comoaprenderjapones.net\/hu\/wp-json\/wp\/v2\/comments?post=1785"}],"version-history":[{"count":0,"href":"https:\/\/comoaprenderjapones.net\/hu\/wp-json\/wp\/v2\/posts\/1785\/revisions"}],"wp:featuredmedia":[{"embeddable":true,"href":"https:\/\/comoaprenderjapones.net\/hu\/wp-json\/wp\/v2\/media\/1788"}],"wp:attachment":[{"href":"https:\/\/comoaprenderjapones.net\/hu\/wp-json\/wp\/v2\/media?parent=1785"}],"wp:term":[{"taxonomy":"category","embeddable":true,"href":"https:\/\/comoaprenderjapones.net\/hu\/wp-json\/wp\/v2\/categories?post=1785"},{"taxonomy":"post_tag","embeddable":true,"href":"https:\/\/comoaprenderjapones.net\/hu\/wp-json\/wp\/v2\/tags?post=1785"}],"curies":[{"name":"wp","href":"https:\/\/api.w.org\/{rel}","templated":true}]}}