{"id":1713,"date":"2009-11-03T05:14:28","date_gmt":"2009-11-03T07:14:28","guid":{"rendered":"https:\/\/comoaprenderjapones.net\/?p=1713"},"modified":"2026-08-10T23:35:05","modified_gmt":"2026-08-11T02:35:05","slug":"na-adjektiv-pa-japanska","status":"publish","type":"post","link":"https:\/\/comoaprenderjapones.net\/sv\/adjetivos-na-em-japones\/","title":{"rendered":"Na-adjektiv p\u00e5 japanska: former, anv\u00e4ndning och exempel"},"content":{"rendered":"<p>Den <strong>adjektiv na p\u00e5 japanska<\/strong>, \u00e4ven kallade <strong>adjektiv p\u00e5 -na<\/strong>, anv\u00e4nder <strong>\u306a<\/strong> n\u00e4r de direkt modifierar ett substantiv i jakande form utan d\u00e5tid: <strong>\u9759\u304b\u306a\u753a<\/strong> (<em>shizuka na machi<\/em>), \u201clugn stad\u201d. I slutet av meningen \u00e4ndras dock m\u00f6nstret: <strong>\u753a\u306f\u9759\u304b\u3067\u3059<\/strong> (<em>Machi wa shizuka desu<\/em>), \u201cStaden \u00e4r lugn\u201d.<\/p>\n\n<p>Huvudregeln \u00e4r att inte behandla <strong>\u306a<\/strong> som en fast \u00e4ndelse av ordet. Det f\u00f6rekommer i en specifik funktion. F\u00f6r att neka, tala om d\u00e5tid, koppla samman egenskaper eller indikera f\u00f6r\u00e4ndring, f\u00f6ljer na-adjektiv andra m\u00f6nster.<\/p>\n\n<h2>Vad \u00e4r adjektiv p\u00e5 japanska?<\/h2>\n\n<p>Na-adjektiv beskriver kvaliteter, tillst\u00e5nd, preferenser och utv\u00e4rderingar. N\u00e5gra vanliga exempel \u00e4r <strong>\u9759\u304b<\/strong> (<em>shizuka<\/em>, lugn), <strong>\u4fbf\u5229<\/strong> (<em>benri<\/em>, praktisk eller bekv\u00e4m), <strong>\u6709\u540d<\/strong> (<em>y\u016bmei<\/em>, k\u00e4nd), <strong>\u304d\u308c\u3044<\/strong> (<em>kirei<\/em>, vacker eller ren) och <strong>\u597d\u304d<\/strong> (<em>suki<\/em>, de que se gosta).<\/p>\n\n<p>Namnet \u201cadjektiv \u306a\u201d kommer fr\u00e5n m\u00f6nstret som anv\u00e4nds f\u00f6re ett substantiv: <strong>\u9759\u304b\u306a\u90e8\u5c4b<\/strong> (<em>shizuka na heya<\/em>), \u201ctyst rum\u201d. Det betyder inte att ordboksformen \u00e4r <strong>\u9759\u304b\u306a<\/strong> eller att varje f\u00f6rekomst kr\u00e4ver \u306a.<\/p>\n\n<p>Det \u00e4r inte heller s\u00e4kert att klassificera ordet efter sista bokstaven. <strong>\u304d\u308c\u3044<\/strong> slutar visuellt p\u00e5 \u3044, men tillh\u00f6r gruppen \u306a: s\u00e4g <strong>\u304d\u308c\u3044\u306a\u516c\u5712<\/strong>, inte <strong>\u304d\u308c\u3044\u3044\u516c\u5712<\/strong>. Den allm\u00e4nna guiden i <a href=\"https:\/\/comoaprenderjapones.net\/sv\/hur-man-anvander-adjektiv-pa-japanska\/\">adjektiv p\u00e5 japanska<\/a> j\u00e4mf\u00f6r de tv\u00e5 klasserna, medan artikeln om <a href=\"https:\/\/comoaprenderjapones.net\/sv\/i-adjektiv-pa-japanska\/\">adjektiv p\u00e5 -\u3044<\/a> f\u00f6rdjupar det andra m\u00f6nstret.<\/p>\n\n<h2>Vanliga na-adjektiv att l\u00e4ra sig med klassen<\/h2>\n\n<p>Memorera varje ord tillsammans med m\u00f6nstret som anv\u00e4nds f\u00f6re ett substantiv. Det \u00e4r mer tillf\u00f6rlitligt \u00e4n att f\u00f6rs\u00f6ka gissa klassen utifr\u00e5n skrivningen.<\/p>\n\n<table>\n<thead><tr><th>Ord<\/th><th>L\u00e4sning<\/th><th>Vanlig betydelse<\/th><th>Med substantiv<\/th><\/tr><\/thead>\n<tbody>\n<tr><td>\u9759\u304b<\/td><td><em>shizuka<\/em><\/td><td>tyst; stilla<\/td><td>\u9759\u304b\u306a\u5834\u6240<\/td><\/tr>\n<tr><td>\u4fbf\u5229<\/td><td><em>benri<\/em><\/td><td>praktisk; bekv\u00e4m<\/td><td>\u4fbf\u5229\u306a\u9053\u5177<\/td><\/tr>\n<tr><td>\u5143\u6c17<\/td><td><em>genki<\/em><\/td><td>h\u00e4lsosam; pigg<\/td><td>\u5143\u6c17\u306a\u5b50\u3069\u3082<\/td><\/tr>\n<tr><td>...<\/td><td><em>taisetsu<\/em><\/td><td>viktig; dyrbar<\/td><td>\u5927\u5207\u306a\u672c<\/td><\/tr>\n<tr><td>\u7c21\u5358<\/td><td><em>kantan<\/em><\/td><td>enkel; l\u00e4tt<\/td><td>\u7c21\u5358\u306a\u554f\u984c<\/td><\/tr>\n<tr><td>\u304d\u308c\u3044<\/td><td><em>kirei<\/em><\/td><td>vacker; ren<\/td><td>\u304d\u308c\u3044\u306a\u90e8\u5c4b<\/td><\/tr>\n<tr><td>\u597d\u304d<\/td><td><em>suki<\/em><\/td><td>omtyckt; favorit<\/td><td>\u597d\u304d\u306a\u97f3\u697d<\/td><\/tr>\n<\/tbody>\n<\/table>\n\n<p><strong>\u597d\u304d<\/strong> f\u00f6rtj\u00e4nar uppm\u00e4rksamhet eftersom det ofta motsvarar \u201cgilla\u201d i \u00f6vers\u00e4ttning, men fungerar inte som ett verb. I <strong>\u79c1\u306f\u65e5\u672c\u8a9e\u304c\u597d\u304d\u3067\u3059<\/strong> (<em>Watashi wa Nihongo ga suki desu<\/em>), konstruktionen presenterar japanskan som det som omtycks.<\/p>\n\n<h2>N\u00e4r man anv\u00e4nder \u306a och n\u00e4r man inte g\u00f6r det<\/h2>\n\n<p>Anv\u00e4nd \u306a mellan adjektivet och substantivet i jakande form utan d\u00e5tid. I artigt predikat, anv\u00e4nd adjektivet f\u00f6ljt av \u3067\u3059, utan \u306a.<\/p>\n\n<table>\n<thead><tr><th>Funktion<\/th><th>Struktur<\/th><th>Exempel<\/th><th>\u00d6vers\u00e4ttning<\/th><\/tr><\/thead>\n<tbody>\n<tr><td>F\u00f6re substantivet<\/td><td>\u30caA + \u306a + substantiv<\/td><td>\u4fbf\u5229\u306a\u30a2\u30d7\u30ea<\/td><td>praktisk applikation<\/td><\/tr>\n<tr><td>I predikatet<\/td><td>\u00e4mne + \u306f + \u30caA + \u3067\u3059<\/td><td>\u3053\u306e\u30a2\u30d7\u30ea\u306f\u4fbf\u5229\u3067\u3059\u3002<\/td><td>Den h\u00e4r appen \u00e4r praktisk.<\/td><\/tr>\n<\/tbody>\n<\/table>\n\n<p>O <a href=\"https:\/\/www.irodori.jpf.go.jp\/assets\/data\/starter\/pdf\/X_L14.pdf\" target=\"_blank\" rel=\"noopener noreferrer\">Irodori fr\u00e5n Japan Foundation presenterar kontrasten mellan \u30caA-\u306a N och \u30caA-\u3067\u3059<\/a>. Den skillnaden undviker former som <strong>\u4fbf\u5229\u306a\u3067\u3059<\/strong>, som blandar de tv\u00e5 konstruktionerna.<\/p>\n\n<p>I negativa eller d\u00e5tidformer f\u00f6re ett substantiv, f\u00f6rsvinner inte heller \u306a:<\/p>\n\n<ul>\n<li><strong>\u9759\u304b\u3058\u3083\u306a\u3044\u753a<\/strong> \u2014 stad som inte \u00e4r lugn;<\/li>\n<li><strong>\u9759\u304b\u3060\u3063\u305f\u753a<\/strong> \u2014 stad som var lugn;<\/li>\n<li><strong>\u9759\u304b\u3058\u3083\u306a\u304b\u3063\u305f\u753a<\/strong> \u2014 stad som inte var lugn.<\/li>\n<\/ul>\n\n<h2>De fyra huvudformerna av adjektiven i<\/h2>\n\n<p>Organisera formerna efter tv\u00e5 val: <strong>icke-d\u00e5tid eller d\u00e5tid<\/strong> e <strong>jakande eller nekande<\/strong>. Den enkla stilen \u00e4r vanlig i informella samtal och i grammatiska strukturer; den artiga stilen passar mer formella situationer.<\/p>\n\n<table>\n<thead><tr><th>V\u00e4rde<\/th><th>Enkel form<\/th><th>Vanlig artig form<\/th><\/tr><\/thead>\n<tbody>\n<tr><td>Icke-d\u00e5tid jakande<\/td><td>\u9759\u304b\u3060<\/td><td>\u9759\u304b\u3067\u3059<\/td><\/tr>\n<tr><td>Inte negativt f\u00f6rflutet<\/td><td>\u9759\u304b\u3058\u3083\u306a\u3044<\/td><td>\u9759\u304b\u3058\u3083\u306a\u3044\u3067\u3059\uff0f\u9759\u304b\u3067\u306f\u3042\u308a\u307e\u305b\u3093<\/td><\/tr>\n<tr><td>Tidigare affirmativ<\/td><td>\u9759\u304b\u3060\u3063\u305f<\/td><td>\u9759\u304b\u3067\u3057\u305f<\/td><\/tr>\n<tr><td>Negativt f\u00f6rflutet<\/td><td>\u9759\u304b\u3058\u3083\u306a\u304b\u3063\u305f<\/td><td>\u9759\u304b\u3058\u3083\u306a\u304b\u3063\u305f\u3067\u3059\uff0f\u9759\u304b\u3067\u306f\u3042\u308a\u307e\u305b\u3093\u3067\u3057\u305f<\/td><\/tr>\n<\/tbody>\n<\/table>\n\n<p>A <a href=\"https:\/\/a1.marugotoweb.jp\/en\/appendix_06.php\" target=\"_blank\" rel=\"noopener noreferrer\">Marugotos konjugations tabell<\/a>, fr\u00e5n Japan Foundation, registrerar de fyra artiga formerna. Materialet fr\u00e5n <a href=\"https:\/\/www.irodori.jpf.go.jp\/assets\/data\/starter\/pdf\/X_L17.pdf\" target=\"_blank\" rel=\"noopener noreferrer\">Irodori om f\u00f6rfluten tid<\/a> bekr\u00e4ftar m\u00f6nster som <strong>\u304d\u308c\u3044\u3067\u3057\u305f<\/strong> e <strong>\u5927\u5909\u3058\u3083\u306a\u304b\u3063\u305f\u3067\u3059<\/strong>.<\/p>\n\n<h3>Vad \u00e4r skillnaden mellan \u3058\u3083\u306a\u3044\u3067\u3059 och \u3067\u306f\u3042\u308a\u307e\u305b\u3093?<\/h3>\n\n<p>B\u00e5da formerna kan producera en artig negation. <strong>\u3058\u3083\u306a\u3044\u3067\u3059<\/strong> \u00e4r vanligt i tal och i vardagliga situationer; <strong>\u3067\u306f\u3042\u308a\u307e\u305b\u3093<\/strong> \u00e4r mer formellt. I f\u00f6rfluten tid, j\u00e4mf\u00f6r <strong>\u3058\u3083\u306a\u304b\u3063\u305f\u3067\u3059<\/strong> e <strong>\u3067\u306f\u3042\u308a\u307e\u305b\u3093\u3067\u3057\u305f<\/strong>. V\u00e4lj registret enligt situationen, utan att \u00e4ndra den centrala betydelsen.<\/p>\n\n<p>Ist\u00e4llet f\u00f6r att t\u00e4nka att \u3067\u3059 helt enkelt \u00e4r \u201cverbet vara\u201d, observera hela meningen. Artikeln om <a href=\"https:\/\/comoaprenderjapones.net\/sv\/desu-verbet-att-vara-pa-japanska\/\">\u3067\u3059 p\u00e5 japanska<\/a> f\u00f6rklarar mer i detalj f\u00f6rh\u00e5llandet mellan predikation, tempus och artighet.<\/p>\n\n<!--Ads10-->\n\n<h2>Hur man kopplar adjektiv med \uff5e\u3067<\/h2>\n\n<p>F\u00f6r att koppla ett \u306a-adjektiv till en annan egenskap eller forts\u00e4ttning, anv\u00e4nd <strong>\uff5e\u3067<\/strong>:<\/p>\n\n<p><strong>\u3053\u306e\u753a\u306f\u9759\u304b\u3067\u3001\u4fbf\u5229\u3067\u3059\u3002<\/strong><br \/>Den h\u00e4r staden \u00e4r lugn och bekv\u00e4m.<br \/><em>Den h\u00e4r staden \u00e4r lugn och bekv\u00e4m.<\/em><br \/>Den h\u00e4r staden \u00e4r lugn och praktisk.<\/p>\n\n<p>O <a href=\"https:\/\/www.irodori.jpf.go.jp\/assets\/data\/elementary01\/pdf\/Y_L05.pdf\" target=\"_blank\" rel=\"noopener noreferrer\">Irodori l\u00e4r ut \u30caA-\u3067 f\u00f6r att koppla samman egenskaper<\/a>. J\u00e4mf\u00f6r med m\u00f6nstret f\u00f6r \u3044-adjektiv, som anv\u00e4nder \uff5e\u304f\u3066. Beroende p\u00e5 f\u00f6rh\u00e5llandet mellan delarna kan \uff5e\u3067 ocks\u00e5 uttrycka en orsak eller anledning.<\/p>\n\n<h2>Hur man anger s\u00e4tt och f\u00f6r\u00e4ndring med \uff5e\u306b<\/h2>\n\n<p>Formen <strong>\uff5e\u306b<\/strong> kan visa hur en handling sker:<\/p>\n\n<p><strong>\u9759\u304b\u306b\u8a71\u3057\u3066\u304f\u3060\u3055\u3044\u3002<\/strong><br \/>\u3057\u305a\u304b\u306b \u306f\u306a\u3057\u3066\u304f\u3060\u3055\u3044\u3002<br \/><em>Shizuka ni hanashite kudasai.<\/em><br \/>Tala tyst, tack.<\/p>\n\n<p>Med <strong>naru<\/strong>, m\u00f6nstret <strong>\u30caA + \u306b + \u306a\u308b<\/strong> anger en f\u00f6r\u00e4ndring av tillst\u00e5nd:<\/p>\n\n<p><strong>\u753a\u304c\u306b\u304e\u3084\u304b\u306b\u306a\u308a\u307e\u3057\u305f\u3002<\/strong><br \/>\u307e\u3061\u304c \u306b\u304e\u3084\u304b\u306b \u306a\u308a\u307e\u3057\u305f\u3002<br \/><em>Machi ga nigiyaka ni narimashita.<\/em><br \/>Staden blev livlig.<\/p>\n\n<p>Japan Foundation registrerar <a href=\"https:\/\/www.irodori.jpf.go.jp\/assets\/data\/elementary01\/pdf\/Y_L03.pdf\" target=\"_blank\" rel=\"noopener noreferrer\">\u30caA-\u306b \u306a\u308a\u307e\u3059 som ett m\u00f6nster f\u00f6r f\u00f6r\u00e4ndring<\/a>. F\u00f6r att passa in dessa strukturer i fullst\u00e4ndiga meningar, se \u00f6ver metoden f\u00f6r <a href=\"https:\/\/comoaprenderjapones.net\/sv\/hur-man-bildar-meningar-pa-japanska\/\">meningsbyggnad p\u00e5 japanska<\/a>.<\/p>\n\n<h2>Vanliga misstag med na-adjektiv<\/h2>\n\n<ul>\n<li><strong>L\u00e4gga till \u306a i slutet av meningen:<\/strong> s\u00e4g <strong>\u90e8\u5c4b\u306f\u9759\u304b\u3067\u3059<\/strong>, inte <strong>\u90e8\u5c4b\u306f\u9759\u304b\u306a\u3067\u3059<\/strong>.<\/li>\n<li><strong>Utesluta \u306a f\u00f6re substantivet:<\/strong> s\u00e4g <strong>\u9759\u304b\u306a\u90e8\u5c4b<\/strong>, inte <strong>\u9759\u304b\u90e8\u5c4b<\/strong>.<\/li>\n<li><strong>Beh\u00e5lla \u306a i alla former:<\/strong> negativen \u00e4r <strong>\u9759\u304b\u3058\u3083\u306a\u3044<\/strong>, och d\u00e5tid \u00e4r <strong>\u9759\u304b\u3060\u3063\u305f<\/strong>.<\/li>\n<li><strong>Klassificera endast efter utseende:<\/strong> <strong>\u304d\u308c\u3044<\/strong> e <strong>\u5acc\u3044<\/strong> slutar p\u00e5 \u3044, men \u00e4r \u306a-adjektiv.<\/li>\n<li><strong>F\u00f6rv\u00e4xla \u3067 f\u00f6r koppling med plats-partikeln:<\/strong> p\u00e5 <strong>\u9759\u304b\u3067\u4fbf\u5229\u3067\u3059<\/strong>, \u3067 kopplar samman tv\u00e5 egenskaper.<\/li>\n<\/ul>\n\n<p>Dessa kontraster blir tydligare n\u00e4r man f\u00f6rst\u00e5r funktionen hos varje element. Om du beh\u00f6ver g\u00e5 igenom \u00e4mne, predikat och partiklar, se <a href=\"https:\/\/comoaprenderjapones.net\/sv\/grundlaggande-japansk-grammatik\/\">Grunderna i japansk grammatik<\/a>.<\/p>\n\n<h2>Kort dialog med na-adjektiv<\/h2>\n\n<p><strong>A:<\/strong> \u65b0\u3057\u3044\u56f3\u66f8\u9928\u306f\u3069\u3046\u3067\u3059\u304b\u3002<br \/>\u3042\u305f\u3089\u3057\u3044 \u3068\u3057\u3087\u304b\u3093\u306f \u3069\u3046\u3067\u3059\u304b\u3002<br \/><em>Atarashii toshokan wa d\u014d desu ka?<\/em><br \/>Hur \u00e4r det nya biblioteket?<\/p>\n\n<p><strong>B:<\/strong> \u9759\u304b\u3067\u3001\u304d\u308c\u3044\u3067\u3059\u3002\u52c9\u5f37\u306b\u4fbf\u5229\u3067\u3059\u3088\u3002<br \/>\u3057\u305a\u304b\u3067\u3001\u304d\u308c\u3044\u3067\u3059\u3002\u3079\u3093\u304d\u3087\u3046\u306b \u3079\u3093\u308a\u3067\u3059\u3088\u3002<br \/><em>Shizuka de, kirei desu. Benky\u014d ni benri desu yo.<\/em><br \/>Det \u00e4r lugnt och vackert. Det \u00e4r praktiskt f\u00f6r att studera.<\/p>\n\n<p><strong>A:<\/strong> \u524d\u306e\u56f3\u66f8\u9928\u3082\u9759\u304b\u3067\u3057\u305f\u304b\u3002<br \/>\u307e\u3048\u306e \u3068\u3057\u3087\u304b\u3093\u3082 \u3057\u305a\u304b\u3067\u3057\u305f\u304b\u3002<br \/><em>Mae no toshokan mo shizuka deshita ka?<\/em><br \/>Var det gamla biblioteket ocks\u00e5 lugnt?<\/p>\n\n<p><strong>B:<\/strong> \u3044\u3044\u3048\u3001\u3042\u307e\u308a\u9759\u304b\u3058\u3083\u306a\u304b\u3063\u305f\u3067\u3059\u3002<br \/>\u3044\u3044\u3048\u3001\u3042\u307e\u308a \u3057\u305a\u304b\u3058\u3083\u306a\u304b\u3063\u305f\u3067\u3059\u3002<br \/><em>Iie, amari shizuka janakatta desu.<\/em><br \/>Nej, det var inte s\u00e4rskilt lugnt.<\/p>\n\n<h2>Kommenterad \u00f6vning<\/h2>\n\n<ol>\n<li>Fyll i \u201cen k\u00e4nd person\u201d: <strong>\u6709\u540d\u306a\u4eba<\/strong>.<\/li>\n<li>Passe <strong>\u4fbf\u5229\u3067\u3059<\/strong> till enkel negation: <strong>\u4fbf\u5229\u3058\u3083\u306a\u3044<\/strong>.<\/li>\n<li>Passe <strong>\u9759\u304b\u3067\u3059<\/strong> till artigt f\u00f6rflutet: <strong>\u9759\u304b\u3067\u3057\u305f<\/strong>.<\/li>\n<li>Una <strong>\u304d\u308c\u3044\u3067\u3059<\/strong> e <strong>\u4fbf\u5229\u3067\u3059<\/strong>: <strong>\u304d\u308c\u3044\u3067\u3001\u4fbf\u5229\u3067\u3059<\/strong>.<\/li>\n<li>Uttryck \u201cblev k\u00e4nd\u201d: <strong>\u6709\u540d\u306b\u306a\u308a\u307e\u3057\u305f<\/strong>.<\/li>\n<\/ol>\n\n<p>Snabbregeln \u00e4r: anv\u00e4nd <strong>\u306a<\/strong> endast framf\u00f6r substantiv i jakande form utan f\u00f6rfluten tid; anv\u00e4nd <strong>\u3060\uff0f\u3067\u3059<\/strong> i predikatet, <strong>\u3058\u3083\u306a\u3044<\/strong> i negation, <strong>\u3060\u3063\u305f\uff0f\u3067\u3057\u305f<\/strong> i f\u00f6rfluten tid, <strong>\u3067<\/strong> f\u00f6r att koppla ihop och <strong>\u306b<\/strong> framf\u00f6r \u306a\u308b eller f\u00f6r att modifiera en handling.<\/p>\n\n<div id=\"rank-math-faq\" class=\"rank-math-block\">\n<div class=\"rank-math-list\">\n<div id=\"faq-question-a541cd3bed5f7\" class=\"rank-math-list-item\">\n<h3 class=\"rank-math-question\">Vad \u00e4r adjektiv p\u00e5 japanska?<\/h3>\n<div class=\"rank-math-answer\">\n\n<p>Det \u00e4r ord som beskriver egenskaper, tillst\u00e5nd eller v\u00e4rderingar och anv\u00e4nder \u306a framf\u00f6r ett substantiv i jakande form utan d\u00e5tid, som \u9759\u304b\u306a\u753a. I artigt predikat f\u00f6rekommer de utan \u306a, som \u753a\u306f\u9759\u304b\u3067\u3059\u3002<\/p>\n\n<\/div>\n<\/div>\n<div id=\"faq-question-71a74732ad731\" class=\"rank-math-list-item\">\n<h3 class=\"rank-math-question\">N\u00e4r ska jag anv\u00e4nda \u306a efter ett adjektiv?<\/h3>\n<div class=\"rank-math-answer\">\n\n<p>Anv\u00e4nd \u306a n\u00e4r adjektivet direkt modifierar ett substantiv i jakande icke-d\u00e5tid: \u4fbf\u5229\u306a\u30a2\u30d7\u30ea. Anv\u00e4nd inte \u306a f\u00f6re \u3067\u3059 och beh\u00e5ll det inte automatiskt i nekande eller d\u00e5tid.<\/p>\n\n<\/div>\n<\/div>\n<div id=\"faq-question-f8369f77c5a8b\" class=\"rank-math-list-item\">\n<h3 class=\"rank-math-question\">Hur g\u00f6r man ett adjektiv negativt?<\/h3>\n<div class=\"rank-math-answer\">\n\n<p>I enkel form anv\u00e4nds \u3058\u3083\u306a\u3044, som \u9759\u304b\u3058\u3083\u306a\u3044. I artig stil \u00e4r \u9759\u304b\u3058\u3083\u306a\u3044\u3067\u3059 vanligt, och det mer formella alternativet \u9759\u304b\u3067\u306f\u3042\u308a\u307e\u305b\u3093.<\/p>\n\n<\/div>\n<\/div>\n<div id=\"faq-question-af186608aca01\" class=\"rank-math-list-item\">\n<h3 class=\"rank-math-question\">Hur s\u00e4tter man ett adjektiv i preteritum?<\/h3>\n<div class=\"rank-math-answer\">\n\n<p>I enkel jakande form, anv\u00e4nd \u3060\u3063\u305f: \u9759\u304b\u3060\u3063\u305f. I artig form, anv\u00e4nd \u3067\u3057\u305f: \u9759\u304b\u3067\u3057\u305f. Negativ d\u00e5tid kan vara \u9759\u304b\u3058\u3083\u306a\u304b\u3063\u305f eller \u9759\u304b\u3058\u3083\u306a\u304b\u3063\u305f\u3067\u3059.<\/p>\n\n<\/div>\n<\/div>\n<div id=\"faq-question-c2301599630ce\" class=\"rank-math-list-item\">\n<h3 class=\"rank-math-question\">Vad \u00e4r skillnaden mellan adjektiven i och na?<\/h3>\n<div class=\"rank-math-answer\">\n\n<p>\u3044-adjektiv beh\u00e5ller \u3044 f\u00f6re substantivet och anv\u00e4nder former som \u304f\u306a\u3044 och \u304b\u3063\u305f. \u306a-adjektiv f\u00e5r \u306a framf\u00f6r substantivet och anv\u00e4nder m\u00f6nster som \u3058\u3083\u306a\u3044, \u3060\u3063\u305f, \u3067 och \u306b.<\/p>\n\n<\/div>\n<\/div>\n<\/div>\n<\/div>","protected":false},"excerpt":{"rendered":"<p>L\u00e4r dig att identifiera och anv\u00e4nda na-adjektiv p\u00e5 japanska, bilda negation och d\u00e5tid, koppla med \u3067 och ange f\u00f6r\u00e4ndring med \u306b.<\/p>","protected":false},"author":23,"featured_media":1714,"comment_status":"open","ping_status":"closed","sticky":false,"template":"","format":"standard","meta":{"footnotes":""},"categories":[76,49,70],"tags":[69,27,71,2,3],"class_list":["post-1713","post","type-post","status-publish","format-standard","has-post-thumbnail","hentry","category-adjetivos-japoneses","category-curso-de-japones-gratis","category-gramatica-japonesa","tag-curso-japones-gratis","tag-gramatica","tag-gramatica-japonesa","tag-idioma-japones","tag-nihongo","resize-featured-image"],"_links":{"self":[{"href":"https:\/\/comoaprenderjapones.net\/sv\/wp-json\/wp\/v2\/posts\/1713","targetHints":{"allow":["GET"]}}],"collection":[{"href":"https:\/\/comoaprenderjapones.net\/sv\/wp-json\/wp\/v2\/posts"}],"about":[{"href":"https:\/\/comoaprenderjapones.net\/sv\/wp-json\/wp\/v2\/types\/post"}],"author":[{"embeddable":true,"href":"https:\/\/comoaprenderjapones.net\/sv\/wp-json\/wp\/v2\/users\/23"}],"replies":[{"embeddable":true,"href":"https:\/\/comoaprenderjapones.net\/sv\/wp-json\/wp\/v2\/comments?post=1713"}],"version-history":[{"count":2,"href":"https:\/\/comoaprenderjapones.net\/sv\/wp-json\/wp\/v2\/posts\/1713\/revisions"}],"predecessor-version":[{"id":4413,"href":"https:\/\/comoaprenderjapones.net\/sv\/wp-json\/wp\/v2\/posts\/1713\/revisions\/4413"}],"wp:featuredmedia":[{"embeddable":true,"href":"https:\/\/comoaprenderjapones.net\/sv\/wp-json\/wp\/v2\/media\/1714"}],"wp:attachment":[{"href":"https:\/\/comoaprenderjapones.net\/sv\/wp-json\/wp\/v2\/media?parent=1713"}],"wp:term":[{"taxonomy":"category","embeddable":true,"href":"https:\/\/comoaprenderjapones.net\/sv\/wp-json\/wp\/v2\/categories?post=1713"},{"taxonomy":"post_tag","embeddable":true,"href":"https:\/\/comoaprenderjapones.net\/sv\/wp-json\/wp\/v2\/tags?post=1713"}],"curies":[{"name":"wp","href":"https:\/\/api.w.org\/{rel}","templated":true}]}}