{"id":1713,"date":"2009-11-03T05:14:28","date_gmt":"2009-11-03T07:14:28","guid":{"rendered":"https:\/\/comoaprenderjapones.net\/?p=1713"},"modified":"2018-03-11T15:19:02","modified_gmt":"2018-03-11T18:19:02","slug":"japonca-na-sifatlari","status":"publish","type":"post","link":"https:\/\/comoaprenderjapones.net\/tr\/adjetivos-na-em-japones\/","title":{"rendered":"Japonca'da Na s\u0131fatlar\u0131"},"content":{"rendered":"<div class=\"5d69ed50a31945af2e1c7f3c16d2b79e\" data-index=\"2\" style=\"float: none; margin:0px;\">\n<script async src=\"https:\/\/pagead2.googlesyndication.com\/pagead\/js\/adsbygoogle.js?client=ca-pub-0652292147574552\"\r\n     crossorigin=\"anonymous\"><\/script>\r\n<!-- Ads responsivo Inicio Post CAJap -->\r\n<ins class=\"adsbygoogle\"\r\n     style=\"display:block\"\r\n     data-ad-client=\"ca-pub-0652292147574552\"\r\n     data-ad-slot=\"3298668993\"\r\n     data-ad-format=\"auto\"><\/ins>\r\n<script>\r\n     (adsbygoogle = window.adsbygoogle || []).push({});\r\n<\/script>\n<\/div>\n<p><em>Hakk\u0131nda daha fazla bilgi edinin <strong>Japonca'da na s\u0131fatlar\u0131<\/strong>!<\/em><\/p>\n<p>\u00d6nceki makalelerde <a href=\"https:\/\/comoaprenderjapones.net\/tr\/japonca-sifatlar\/\">Japonca s\u0131fatlar<\/a>S\u0131fat t\u00fcrlerini ve Japonca s\u0131fatlar\u0131n \u00e7ekimlerini anlamak\u00a0<acronym title=\"i\">\u3044<\/acronym>. Bug\u00fcnk\u00fc yaz\u0131m\u0131zda Japonca s\u0131fatlar\u0131n \u00e7ekimlerini \u00f6\u011frenece\u011fiz\u00a0<acronym title=\"\u00fczerinde\">\u306a<\/acronym>.<\/p>\n<h2>Japonca'da Na s\u0131fatlar\u0131<\/h2>\n<p>Japonca'da bu s\u0131fatlar\u0131n \u00e7ekimi s\u00f6z konusu oldu\u011funda, Japon dilbilgisi bize \u00e7ok iyi davrand\u0131. S\u0131fatlar\u00a0<acronym title=\"\u00fczerinde\">\u306a<\/acronym>\u00a0fiil zamanlar\u0131na g\u00f6re bi\u00e7im de\u011fi\u015ftirmez. Zaman fikrini belirtmek i\u00e7in normalde \u015funlar\u0131 kullan\u0131r\u0131z\u00a0<a title=\"Desu - Japoncada olmak fiili\" href=\"https:\/\/comoaprenderjapones.net\/tr\/desu-japoncada-olmak-fiili\/\">desu'nun fiil zamanlar\u0131<\/a>.<\/p>\n<p>Fiil zamanlar\u0131 ile g\u00f6sterildi\u011finden\u00a0<acronym title=\"desu\">\u3067 \u3059<\/acronym>Japonca'da hem resmi hem de resmi olmayan modlarda g\u00f6r\u00fcnebilir. Japonca dilbilgisi kurallar\u0131n\u0131 takip ederek, b\u00fcy\u00fck olas\u0131l\u0131kla \u015funlar\u0131 bulacaks\u0131n\u0131z\u00a0<acronym title=\"da - be\">\u3060<\/acronym>,\u00a0<acronym title=\"nai\">\u306a\u3044<\/acronym>\u00a0ya da hatta\u00a0<acronym title=\"nakatta\">\u306a\u304b\u3063\u305f<\/acronym>\u00a0bi\u00e7imlerinin yerine c\u00fcmle sonlar\u0131nda\u00a0<acronym title=\"desu\">\u3067 \u3059<\/acronym>.<\/p>\n<h2>Japonca'da na s\u0131fatlar\u0131n\u0131n \u015fimdiki zaman olumlusu<\/h2>\n<p>Japon gramerine g\u00f6re s\u0131fatlar\u0131n en temel bi\u00e7imi \u015f\u00f6yledir\u00a0<acronym title=\"\u00fczerinde\">\u306a<\/acronym>\u00a0basit\u00e7e s\u0131fat\u0131n ad\u0131 ve ard\u0131ndan gelen hecedir\u00a0<acronym title=\"\u00fczerinde\">\u306a<\/acronym>. Bununla birlikte, c\u00fcmleler i\u00e7inde hecenin atlanmas\u0131 olduk\u00e7a yayg\u0131nd\u0131r\u00a0<acronym title=\"\u00fczerinde\">\u306a<\/acronym>\u00a0Japonca s\u0131fat\u0131n ard\u0131ndan\u00a0<acronym title=\"desu\">\u3067 \u3059<\/acronym>.<\/p>\n<p><acronym title=\"taisetsu na hon desu - \u00d6nemli kitaplar.\"><span class=\"orange\" style=\"color: #ff0000\">\u5927\u5207<\/span><span class=\"blue\" style=\"color: #00ccff\">\u306a\u672c\u3067\u3059<\/span>\u3002<\/acronym><\/p>\n<p><acronym title=\"kono hon wa taisetsu desu - Bu kitap \u00f6nemli.\">\u3053\u306e\u672c\u306f<span class=\"orange\" style=\"color: #ff0000\">\u5927\u5207<\/span><span class=\"blue\" style=\"color: #00ccff\">\u3067 \u3059<\/span>\u3002<\/acronym><br \/>\n<\/p>\n<h2>Japonca'da na s\u0131fatlar\u0131n\u0131n olumlu ge\u00e7mi\u015f zaman\u0131<\/h2>\n<p>Japonca bir s\u0131fat eklemek i\u00e7in\u00a0<acronym title=\"\u00fczerinde\">\u306a<\/acronym>\u00a0ge\u00e7mi\u015fte, sadece fiili \u00e7ekin\u00a0<acronym title=\"desu\">\u3067 \u3059<\/acronym>\u00a0olumlu ge\u00e7mi\u015f i\u00e7in.<\/p>\n<p><acronym title=\"Kono hon wa taisetsu deshita - Bu kitap \u00f6nemliydi.\">\u3053\u306e\u672c\u306f<span class=\"orange\" style=\"color: #ff0000\">\u5927\u5207<\/span><span class=\"blue\" style=\"color: #00ccff\">\u3067\u3057\u305f<\/span>\u3002<\/acronym><\/p>\n<p><acronym title=\"Yamada-san wa shizuka deshita - Bay Yamada sakindi.\">\u5c71\u7530\u3055\u3093\u306f<span class=\"orange\">\u3057<span style=\"color: #ff0000\">\u305a\u304b<\/span><\/span><span class=\"blue\" style=\"color: #00ccff\">\u3067\u3057\u305f<\/span>\u3002<\/acronym><\/p>\n<h2>Japonca'da na s\u0131fatlar\u0131n\u0131n olumsuz \u015fimdiki zaman\u0131<\/h2>\n<p>Japonca s\u0131fatlar\u0131n olumsuz \u015fimdiki zaman\u0131 na ile yap\u0131l\u0131r. <a href=\"https:\/\/comoaprenderjapones.net\/tr\/desu-japoncada-olmak-fiili\/\">fiil\u00a0<acronym title=\"desu\">\u3067 \u3059<\/acronym><\/a>\u00a0ayr\u0131ca olumsuz \u015fimdiki zamanda. Bu \u015fekilde, sahip olaca\u011f\u0131z:<\/p>\n<p><acronym title=\"Kono hon wa taisetsu dewa arimasen. - Bu kitap \u00f6nemli de\u011fil.\">\u3053\u306e\u672c\u306f<span class=\"orange\" style=\"color: #ff0000\">\u5927\u5207<\/span><span class=\"blue\"><span style=\"color: #00ccff\">\u3067\u306f\u3042\u308a\u307e\u305b\u3093<\/span>\u3002<\/span><\/acronym><\/p>\n<p><acronym title=\"Yamada-san wa shizuka dewa arimasen. - Bay Yamada sakin de\u011fil.\">\u5c71\u7530\u3055\u3093\u306f<span class=\"orange\">\u3057<span style=\"color: #ff0000\">\u305a\u304b<\/span><\/span><span class=\"blue\"><span style=\"color: #00ccff\">\u3067\u306f\u3042\u308a\u307e\u305b\u3093<\/span>\u3002<\/span><\/acronym><\/p>\n<h2>Japonca s\u0131fatlar\u0131n olumsuz ge\u00e7mi\u015f zaman\u0131<\/h2>\n<p>T\u0131pk\u0131 Japonca s\u0131fatlar\u0131n di\u011fer zamanlar\u0131 gibi\u00a0<acronym title=\"\u00fczerinde\">\u306a<\/acronym>olumsuz ge\u00e7mi\u015f zaman fiili ile yap\u0131l\u0131r\u00a0<acronym title=\"desu\">\u3067 \u3059<\/acronym>\u00a0ayn\u0131 zamanda: olumsuz ge\u00e7mi\u015f.<\/p>\n<p><acronym title=\"Kono hon wa taisetsu dewa arimasen deshita. - Bu kitap \u00f6nemli de\u011fildi.\">\u3053\u306e\u672c\u306f<span class=\"orange\" style=\"color: #ff0000\">\u5927\u5207<\/span><span class=\"blue\"><span style=\"color: #00ccff\">\u3067\u306f\u3042\u308a\u307e\u305b\u3093\u3067\u3057\u305f<\/span>\u3002<\/span><\/acronym><\/p>\n<p><acronym title=\"Yamada-san wa shizuka dewa arimasen deshita. - Bay Yamada sakin de\u011fildi.\">\u5c71\u7530\u3055\u3093\u306f<span class=\"orange\">\u3057<span style=\"color: #ff0000\">\u305a\u304b<\/span><\/span><span class=\"blue\"><span style=\"color: #00ccff\">\u3067\u306f\u3042\u308a\u307e\u305b\u3093\u3067\u3057\u305f<\/span>\u3002<\/span><\/acronym><\/p>\n<h2>Kanji el yaz\u0131s\u0131 al\u0131\u015ft\u0131rmas\u0131<\/h2>\n<p>A\u015fa\u011f\u0131dakiler\u00a0<a href=\"https:\/\/comoaprenderjapones.net\/tr\/japonca-harfler-kanji-nasil-yazilir\/\">Japon ideografik sembolleri<\/a>\u00a0bu makalede kullan\u0131lm\u0131\u015ft\u0131r. \u0130stedi\u011finiz kanjiyi se\u00e7erek kopyalay\u0131n ve\u00a0<a href=\"https:\/\/comoaprenderjapones.net\/tr\/in\/imprimir-para-treinar-kanas-e-kanjis\/\" target=\"_blank\" rel=\"noopener\">Kana ve Kanji al\u0131\u015ft\u0131rma \u00e7al\u0131\u015fma sayfas\u0131<\/a>\u00a0yazd\u0131r\u0131labilir dosyay\u0131 g\u00f6r\u00fcnt\u00fcleyebilece\u011finiz ve gri sembollerin \u00fczerini kapat\u0131p kendi kendinize yazmaya \u00e7al\u0131\u015farak Japon kaligrafi prati\u011fi yapabilece\u011finiz yeni bir pencere a\u00e7\u0131lacakt\u0131r. Sadece yazd\u0131r\u0131n ve pratik yap\u0131n.<\/p>\n<table style=\"height: 43px\" border=\"0\" width=\"329\" cellspacing=\"2\" cellpadding=\"2\">\n<tbody>\n<tr>\n<td align=\"left\" valign=\"middle\">\u5927<\/td>\n<td align=\"left\" valign=\"middle\">\u5207<\/td>\n<td align=\"left\" valign=\"middle\">\u672c<\/td>\n<td align=\"left\" valign=\"middle\">\u5c71<\/td>\n<td align=\"left\" valign=\"middle\">\u7530<\/td>\n<\/tr>\n<\/tbody>\n<\/table>\n\n<div style=\"font-size: 0px; height: 0px; line-height: 0px; margin: 0; padding: 0; clear: both;\"><\/div>","protected":false},"excerpt":{"rendered":"<p>\u015eimdi Japonca s\u0131fatlar hakk\u0131nda daha fazla bilgi edinin! Japonca s\u0131fatlarla ilgili \u00f6nceki makalelerde, s\u0131fat t\u00fcrlerini ve Japonca \u3044 s\u0131fatlar\u0131n\u0131n \u00e7ekimlerini \u00f6\u011frenmi\u015ftik. Bug\u00fcnk\u00fc yaz\u0131m\u0131zda ise s\u0131fatlar\u0131n \u00e7ekimlerini \u00f6\u011frenece\u011fiz<\/p>","protected":false},"author":18,"featured_media":1714,"comment_status":"open","ping_status":"closed","sticky":false,"template":"","format":"standard","meta":{"_jetpack_memberships_contains_paid_content":false,"footnotes":""},"categories":[76,49,70],"tags":[69,27,71,2,3],"class_list":["post-1713","post","type-post","status-publish","format-standard","has-post-thumbnail","hentry","category-adjetivos-japoneses","category-curso-de-japones-gratis","category-gramatica-japonesa","tag-curso-japones-gratis","tag-gramatica","tag-gramatica-japonesa","tag-idioma-japones","tag-nihongo"],"jetpack_featured_media_url":"https:\/\/i0.wp.com\/comoaprenderjapones.net\/wp-content\/uploads\/2018\/03\/adjetivos-na-em-japones.png?fit=500%2C400&ssl=1","jetpack-related-posts":[{"id":1719,"url":"https:\/\/comoaprenderjapones.net\/tr\/como-usar-adjetivos-em-japones\/","url_meta":{"origin":1713,"position":0},"title":"Japonca'da s\u0131fatlar nas\u0131l kullan\u0131l\u0131r","author":"L\u00edngua Japonesa","date":"3 de Kas\u0131m de 2009","format":false,"excerpt":"Japoncada s\u0131fatlar\u0131n nas\u0131l kullan\u0131ld\u0131\u011f\u0131n\u0131 \u015fimdi \u00f6\u011frenin! Japonca dilbilgisine g\u00f6re, Japoncada s\u0131fatlar bir\u00e7ok farkl\u0131 \u015fekilde kullan\u0131labilir, ancak en yayg\u0131n kullan\u0131mlar\u0131 isimlerden \u00f6nce ve sonrad\u0131r. Japonca s\u0131fatlar nas\u0131l kullan\u0131l\u0131r Japonca sembollerin \u00fczerine gelin...","rel":"","context":"&quot;Adjetivos japoneses&quot; i\u00e7inde","block_context":{"text":"Adjetivos japoneses","link":"https:\/\/comoaprenderjapones.net\/tr\/adjetivos-japoneses\/"},"img":{"alt_text":"Como usar adjetivos em japon\u00eas - \u305d\u308c\u306f\u9752\u3044\u672c\u3067\u3059\u304b\uff1f","src":"https:\/\/i0.wp.com\/comoaprenderjapones.net\/wp-content\/uploads\/2018\/03\/como-usar-os-adjetivos-em-japones.png?fit=500%2C400&ssl=1&resize=350%2C200","width":350,"height":200},"classes":[]},{"id":1699,"url":"https:\/\/comoaprenderjapones.net\/tr\/tipos-de-adjetivos-em-japones\/","url_meta":{"origin":1713,"position":1},"title":"Japonca'da s\u0131fat t\u00fcrleri","author":"L\u00edngua Japonesa","date":"3 de Kas\u0131m de 2009","format":false,"excerpt":"Conhe\u00e7a os tipos de adjetivos em japon\u00eas e aprenda mais! Antes de come\u00e7ar a falar sobre os adjetivos japoneses propriamente ditos, vamos ver uma descri\u00e7\u00e3o geral sobre os tipos de adjetivos encontrados na l\u00edngua japonesa. Passe o cursor do mouse sobre os s\u00edmbolos japoneses (kanjis) para ver a pron\u00fancia e\u2026","rel":"","context":"&quot;Curso de Japon\u00eas Gr\u00e1tis&quot; i\u00e7inde","block_context":{"text":"Curso de Japon\u00eas Gr\u00e1tis","link":"https:\/\/comoaprenderjapones.net\/tr\/curso-de-japones-gratis\/"},"img":{"alt_text":"Os tipos de adjetivos em japon\u00eas - \u9752\u3044\u8eca","src":"https:\/\/i0.wp.com\/comoaprenderjapones.net\/wp-content\/uploads\/2009\/11\/tipos-de-adjetivos-em-japones.png?fit=500%2C400&ssl=1&resize=350%2C200","width":350,"height":200},"classes":[]},{"id":1706,"url":"https:\/\/comoaprenderjapones.net\/tr\/adjetivos-i-em-japones\/","url_meta":{"origin":1713,"position":2},"title":"Japonca'da i s\u0131fatlar\u0131","author":"L\u00edngua Japonesa","date":"3 de Kas\u0131m de 2009","format":false,"excerpt":"Vamos agora conhecer\u00a0os adjetivos i em japon\u00eas! Como j\u00e1 conhecemos superficialmente os adjetivos em japon\u00eas, chegou o momento de aprofundarmos um pouco mais no assunto dos adjetivos japoneses. \u00c9 neste ponto que a gram\u00e1tica japonesa demora a ser compreendida por iniciantes em\u00a0l\u00edngua japonesa. Todos n\u00f3s conhecemos o conceito de flex\u00e3o\u2026","rel":"","context":"&quot;Adjetivos japoneses&quot; i\u00e7inde","block_context":{"text":"Adjetivos japoneses","link":"https:\/\/comoaprenderjapones.net\/tr\/adjetivos-japoneses\/"},"img":{"alt_text":"Os adjetivos i em japon\u00eas - \u65b0\u3057\u3044\u30dc\u30fc\u30eb","src":"https:\/\/i0.wp.com\/comoaprenderjapones.net\/wp-content\/uploads\/2009\/11\/adjetivos-i-em-japones.png?fit=500%2C400&ssl=1&resize=350%2C200","width":350,"height":200},"classes":[]},{"id":2103,"url":"https:\/\/comoaprenderjapones.net\/tr\/verbos-em-japones-na-forma-tai\/","url_meta":{"origin":1713,"position":3},"title":"TAI bi\u00e7imindeki Japonca fiiller","author":"L\u00edngua Japonesa","date":"4 de Kas\u0131m de 2009","format":false,"excerpt":"Os verbos em japon\u00eas na forma TAI-\u00a0\u00a0\u305f\u3044\u00a0s\u00e3o usados para expressar o desejo de realizar uma atividade espec\u00edfica. Por causa disso, essa forma dos verbos em japon\u00eas se utiliza muito dos verbos de a\u00e7\u00e3o. Verbos em japon\u00eas na forma TAI O presente e os verbos na forma tai Para utilizar a\u2026","rel":"","context":"&quot;Curso de Japon\u00eas Gr\u00e1tis&quot; i\u00e7inde","block_context":{"text":"Curso de Japon\u00eas Gr\u00e1tis","link":"https:\/\/comoaprenderjapones.net\/tr\/curso-de-japones-gratis\/"},"img":{"alt_text":"Verbos em japon\u00eas na forma TAI - \u8cb7\u3044\u305f\u3044","src":"https:\/\/i0.wp.com\/comoaprenderjapones.net\/wp-content\/uploads\/2009\/11\/verbos-em-japones-na-forma-tai.png?fit=500%2C400&ssl=1&resize=350%2C200","width":350,"height":200},"classes":[]},{"id":1771,"url":"https:\/\/comoaprenderjapones.net\/tr\/os-adverbios-em-japones\/","url_meta":{"origin":1713,"position":4},"title":"Japoncada Zarflar","author":"L\u00edngua Japonesa","date":"3 de Kas\u0131m de 2009","format":false,"excerpt":"Conhe\u00e7a mais sobre\u00a0os adv\u00e9rbios em japon\u00eas com exemplos! Muitos j\u00e1 devem saber que adv\u00e9rbios s\u00e3o palavras invari\u00e1veis que modificam ou adicionam significado aos verbos e adjetivos. Os adv\u00e9rbios japoneses podem indicar tempo, freq\u00fc\u00eancia e v\u00e1rias outras situa\u00e7\u00f5es dependendo da frase. Passe o cursor do mouse sobre os s\u00edmbolos japoneses para\u2026","rel":"","context":"&quot;Curso de Japon\u00eas Gr\u00e1tis&quot; i\u00e7inde","block_context":{"text":"Curso de Japon\u00eas Gr\u00e1tis","link":"https:\/\/comoaprenderjapones.net\/tr\/curso-de-japones-gratis\/"},"img":{"alt_text":"Os adv\u00e9rbios em japon\u00eas","src":"https:\/\/i0.wp.com\/comoaprenderjapones.net\/wp-content\/uploads\/2009\/11\/os-adverbios-em-japones.png?fit=500%2C400&ssl=1&resize=350%2C200","width":350,"height":200},"classes":[]},{"id":1604,"url":"https:\/\/comoaprenderjapones.net\/tr\/curso-de-japones-gratis-guia-de-estudos\/","url_meta":{"origin":1713,"position":5},"title":"\u00dccretsiz Japonca kursu - \u00c7al\u0131\u015fma k\u0131lavuzu","author":"L\u00edngua Japonesa","date":"16 de Kas\u0131m de 2009","format":false,"excerpt":"Veja aqui a lista completa dos posts publicados para o\u00a0Curso de japon\u00eas gr\u00e1tis - Guia de estudos! Est\u00e1 p\u00e1gina funciona como um guia de estudos para o curso de japon\u00eas gr\u00e1tis do L\u00edngua Japonesa, onde qualquer interessado poder\u00e1 aprender japon\u00eas online gratuitamente. O objetivo \u00e9 reunir o m\u00e1ximo de conhecimento\u2026","rel":"","context":"&quot;Curso de Japon\u00eas Gr\u00e1tis&quot; i\u00e7inde","block_context":{"text":"Curso de Japon\u00eas Gr\u00e1tis","link":"https:\/\/comoaprenderjapones.net\/tr\/curso-de-japones-gratis\/"},"img":{"alt_text":"Como formar frases em japon\u00eas","src":"https:\/\/i0.wp.com\/comoaprenderjapones.net\/wp-content\/uploads\/2014\/09\/nihongo_idioma.jpg?fit=477%2C296&ssl=1&resize=350%2C200","width":350,"height":200},"classes":[]}],"jetpack_sharing_enabled":true,"amp_enabled":true,"_links":{"self":[{"href":"https:\/\/comoaprenderjapones.net\/tr\/wp-json\/wp\/v2\/posts\/1713","targetHints":{"allow":["GET"]}}],"collection":[{"href":"https:\/\/comoaprenderjapones.net\/tr\/wp-json\/wp\/v2\/posts"}],"about":[{"href":"https:\/\/comoaprenderjapones.net\/tr\/wp-json\/wp\/v2\/types\/post"}],"author":[{"embeddable":true,"href":"https:\/\/comoaprenderjapones.net\/tr\/wp-json\/wp\/v2\/users\/18"}],"replies":[{"embeddable":true,"href":"https:\/\/comoaprenderjapones.net\/tr\/wp-json\/wp\/v2\/comments?post=1713"}],"version-history":[{"count":0,"href":"https:\/\/comoaprenderjapones.net\/tr\/wp-json\/wp\/v2\/posts\/1713\/revisions"}],"wp:featuredmedia":[{"embeddable":true,"href":"https:\/\/comoaprenderjapones.net\/tr\/wp-json\/wp\/v2\/media\/1714"}],"wp:attachment":[{"href":"https:\/\/comoaprenderjapones.net\/tr\/wp-json\/wp\/v2\/media?parent=1713"}],"wp:term":[{"taxonomy":"category","embeddable":true,"href":"https:\/\/comoaprenderjapones.net\/tr\/wp-json\/wp\/v2\/categories?post=1713"},{"taxonomy":"post_tag","embeddable":true,"href":"https:\/\/comoaprenderjapones.net\/tr\/wp-json\/wp\/v2\/tags?post=1713"}],"curies":[{"name":"wp","href":"https:\/\/api.w.org\/{rel}","templated":true}]}}